{"id":1549,"date":"2022-09-01T18:13:47","date_gmt":"2022-09-01T18:13:47","guid":{"rendered":"https:\/\/magyarutca.org\/wordpress\/?p=1549"},"modified":"2022-12-06T21:04:20","modified_gmt":"2022-12-06T21:04:20","slug":"2022-10-07_ex-libris-kiallitas-vasne-dr-toth-kornelia-anyaga-a-helsinki-liszt-intezet-magyar-kulturalis-kozpontban-okt-7-nov-18-kozott","status":"publish","type":"post","link":"https:\/\/magyarutca.org\/wordpress\/blog\/2022-10-07_ex-libris-kiallitas-vasne-dr-toth-kornelia-anyaga-a-helsinki-liszt-intezet-magyar-kulturalis-kozpontban-okt-7-nov-18-kozott\/","title":{"rendered":"2022.10.07_Ex  libris ki\u00e1ll\u00edt\u00e1s &#8211; Vasn\u00e9 dr. T\u00f3th Korn\u00e9lia gy\u0171jtem\u00e9nye a  Helsinki Liszt Int\u00e9zet \u2013 Magyar Kultur\u00e1lis K\u00f6zpontban okt. 7. \u2013 nov. 25.  k\u00f6z\u00f6tt."},"content":{"rendered":"\n<div data-wp-interactive=\"core\/file\" class=\"wp-block-file\"><object data-wp-bind--hidden=\"!state.hasPdfPreview\" hidden class=\"wp-block-file__embed\" data=\"https:\/\/magyarutca.org\/wordpress\/wp-content\/uploads\/2022\/09\/2022.09.27_Meghivo_Kulturtortenet-a-kisgrafikakon_ex-libris.pdf\" type=\"application\/pdf\" style=\"width:100%;height:600px\" aria-label=\"Embed of 2022.09.27_Meghivo_Kulturtortenet-a-kisgrafikakon_ex-libris.\"><\/object><a id=\"wp-block-file--media-78afbe33-a38c-4423-8858-469aa4427761\" href=\"https:\/\/magyarutca.org\/wordpress\/wp-content\/uploads\/2022\/09\/2022.09.27_Meghivo_Kulturtortenet-a-kisgrafikakon_ex-libris.pdf\">2022.09.27_Meghivo_Kulturtortenet-a-kisgrafikakon_ex-libris<\/a><a href=\"https:\/\/magyarutca.org\/wordpress\/wp-content\/uploads\/2022\/09\/2022.09.27_Meghivo_Kulturtortenet-a-kisgrafikakon_ex-libris.pdf\" class=\"wp-block-file__button wp-element-button\" download aria-describedby=\"wp-block-file--media-78afbe33-a38c-4423-8858-469aa4427761\">Download<\/a><\/div>\n","protected":false},"excerpt":{"rendered":"","protected":false},"author":1,"featured_media":0,"comment_status":"closed","ping_status":"open","sticky":false,"template":"","format":"standard","meta":{"footnotes":""},"categories":[1],"tags":[],"class_list":["post-1549","post","type-post","status-publish","format-standard","hentry","category-visszatekinto"],"_links":{"self":[{"href":"https:\/\/magyarutca.org\/wordpress\/wp-json\/wp\/v2\/posts\/1549","targetHints":{"allow":["GET"]}}],"collection":[{"href":"https:\/\/magyarutca.org\/wordpress\/wp-json\/wp\/v2\/posts"}],"about":[{"href":"https:\/\/magyarutca.org\/wordpress\/wp-json\/wp\/v2\/types\/post"}],"author":[{"embeddable":true,"href":"https:\/\/magyarutca.org\/wordpress\/wp-json\/wp\/v2\/users\/1"}],"replies":[{"embeddable":true,"href":"https:\/\/magyarutca.org\/wordpress\/wp-json\/wp\/v2\/comments?post=1549"}],"version-history":[{"count":6,"href":"https:\/\/magyarutca.org\/wordpress\/wp-json\/wp\/v2\/posts\/1549\/revisions"}],"predecessor-version":[{"id":1717,"href":"https:\/\/magyarutca.org\/wordpress\/wp-json\/wp\/v2\/posts\/1549\/revisions\/1717"}],"wp:attachment":[{"href":"https:\/\/magyarutca.org\/wordpress\/wp-json\/wp\/v2\/media?parent=1549"}],"wp:term":[{"taxonomy":"category","embeddable":true,"href":"https:\/\/magyarutca.org\/wordpress\/wp-json\/wp\/v2\/categories?post=1549"},{"taxonomy":"post_tag","embeddable":true,"href":"https:\/\/magyarutca.org\/wordpress\/wp-json\/wp\/v2\/tags?post=1549"}],"curies":[{"name":"wp","href":"https:\/\/api.w.org\/{rel}","templated":true}]}}