{"id":1723,"date":"2022-12-06T21:19:50","date_gmt":"2022-12-06T21:19:50","guid":{"rendered":"https:\/\/magyarutca.org\/wordpress\/?p=1723"},"modified":"2023-01-23T00:46:50","modified_gmt":"2023-01-23T00:46:50","slug":"2022-12-10_karacsonyi-diszek-foglalkozas","status":"publish","type":"post","link":"https:\/\/magyarutca.org\/wordpress\/blog\/2022-12-10_karacsonyi-diszek-foglalkozas\/","title":{"rendered":"2022.12.10_Kar\u00e1csonyi d\u00edszek foglalkoz\u00e1s"},"content":{"rendered":"\n<h2 class=\"wp-block-heading\"><strong><em>Kar\u00e1csonyi k\u00e9zm\u0171ves foglalkoz\u00e1s feln\u0151tteknek a Liszt Int\u00e9zetben, XII. 10.<\/em><\/strong><\/h2>\n\n\n\n<figure class=\"wp-block-image size-full is-resized\"><img loading=\"lazy\" decoding=\"async\" src=\"https:\/\/magyarutca.org\/wordpress\/wp-content\/uploads\/2022\/12\/image-1.png\" alt=\"\" class=\"wp-image-1729\" width=\"569\" height=\"424\" srcset=\"https:\/\/magyarutca.org\/wordpress\/wp-content\/uploads\/2022\/12\/image-1.png 393w, https:\/\/magyarutca.org\/wordpress\/wp-content\/uploads\/2022\/12\/image-1-300x224.png 300w\" sizes=\"auto, (max-width: 569px) 100vw, 569px\" \/><\/figure>\n\n\n\n<p>A Finnorsz\u00e1gi Magyarok Egyes\u00fclete \u00e9s a helsinki Liszt Int\u00e9zet B\u00edr\u00f3 Krisztina vezet\u00e9s\u00e9vel magyar nyelv\u0171, kar\u00e1csonyi k\u00e9zm\u0171ves alkalomra v\u00e1rja a feln\u0151tteket december 10-\u00e9n, szombaton d\u00e9lel\u0151tt 10:00\u201313:00 \u00f3ra k\u00f6z\u00f6tt. A foglalkoz\u00e1son a k\u00e9pen l\u00e1that\u00f3 kar\u00e1csonyi ajt\u00f3d\u00edszt \u00e9s brosst k\u00e9sz\u00edthetj\u00fck el k\u00f6z\u00f6sen \u2013 a rendelkez\u00e9sre \u00e1ll\u00f3 id\u0151 f\u00fcggv\u00e9ny\u00e9ben ak\u00e1r t\u00f6bb alkot\u00e1st is hazavihet\u00fcnk!<\/p>\n\n\n\n<p>A hozz\u00e1val\u00f3 anyagokr\u00f3l \u00e9s sz\u00fcks\u00e9ges eszk\u00f6z\u00f6kr\u0151l az FME gondoskodik, ezek 5\u20138 \u20ac-ra becs\u00fclt k\u00f6lts\u00e9ge a helysz\u00ednen, k\u00e9szp\u00e9nzzel fizetend\u0151.<\/p>\n\n\n\n<p>FIGYELEM: a foglalkoz\u00e1son legfeljebb 15 f\u0151 vehet r\u00e9szt! El\u0151jelentkez\u00e9s a <a href=\"https:\/\/forms.office.com\/e\/ftV5C0E8sK\">https:\/\/forms.office.com\/e\/ftV5C0E8sK<\/a> linken december 7-ig.<\/p>\n\n\n\n<p>B\u00edr\u00f3 Krisztina saj\u00e1t \u00f6r\u00f6m\u00e9re, kikapcsol\u00f3d\u00e1sk\u00e9ppen k\u00e9sz\u00edt d\u00edszt\u00e1rgyakat rendk\u00edv\u00fcli m\u0171gonddal: ajt\u00f3- \u00e9s asztald\u00edszeit Magyarorsz\u00e1g Helsinki Nagyk\u00f6vets\u00e9g\u00e9n is megcsod\u00e1lhatj\u00e1k a l\u00e1togat\u00f3k. Seg\u00edts\u00e9g\u00e9vel b\u00e1rki elsaj\u00e1t\u00edthatja az alapfog\u00e1sokat a kar\u00e1csonyi k\u00e9zm\u0171ves alkalmon.<\/p>\n\n\n\n<figure class=\"wp-block-image size-full is-resized\"><img loading=\"lazy\" decoding=\"async\" src=\"https:\/\/magyarutca.org\/wordpress\/wp-content\/uploads\/2022\/12\/image-2.png\" alt=\"\" class=\"wp-image-1730\" width=\"180\" height=\"185\"\/><\/figure>\n\n\n\n<div class=\"wp-block-media-text alignwide is-stacked-on-mobile\" style=\"grid-template-columns:40% auto\"><figure class=\"wp-block-media-text__media\"><img loading=\"lazy\" decoding=\"async\" width=\"275\" height=\"119\" src=\"https:\/\/magyarutca.org\/wordpress\/wp-content\/uploads\/2022\/12\/image-3.png\" alt=\"\" class=\"wp-image-1731 size-full\"\/><\/figure><div class=\"wp-block-media-text__content\">\n<p class=\"has-text-align-center\"><\/p>\n<\/div><\/div>\n\n\n\n<p>Magyar Kultur\u00e1lis \u00e9s Tudom\u00e1nyos K\u00f6zpont        Kaisaniemenkatu 10, 00100 Helsinki                          +358 (0)9 6229 4610         <a href=\"mailto:hungarian.culture@unkarinkulttuuri.fi\">hungarian.culture@unkarinkulttuuri.fi<\/a><\/p>\n\n\n\n<p><\/p>\n","protected":false},"excerpt":{"rendered":"<p>Kar\u00e1csonyi k\u00e9zm\u0171ves foglalkoz\u00e1s feln\u0151tteknek a Liszt Int\u00e9zetben, XII. 10. A Finnorsz\u00e1gi Magyarok Egyes\u00fclete \u00e9s a helsinki Liszt Int\u00e9zet B\u00edr\u00f3 Krisztina vezet\u00e9s\u00e9vel magyar nyelv\u0171, kar\u00e1csonyi k\u00e9zm\u0171ves alkalomra v\u00e1rja a feln\u0151tteket december 10-\u00e9n, szombaton d\u00e9lel\u0151tt 10:00\u201313:00 \u00f3ra k\u00f6z\u00f6tt. A foglalkoz\u00e1son a k\u00e9pen l\u00e1that\u00f3 kar\u00e1csonyi ajt\u00f3d\u00edszt \u00e9s brosst k\u00e9sz\u00edthetj\u00fck el k\u00f6z\u00f6sen \u2013 a rendelkez\u00e9sre \u00e1ll\u00f3 id\u0151 f\u00fcggv\u00e9ny\u00e9ben ak\u00e1r &hellip; <a href=\"https:\/\/magyarutca.org\/wordpress\/blog\/2022-12-10_karacsonyi-diszek-foglalkozas\/\" class=\"more-link\">Continue reading <span class=\"screen-reader-text\">2022.12.10_Kar\u00e1csonyi d\u00edszek foglalkoz\u00e1s<\/span><\/a><\/p>\n","protected":false},"author":1,"featured_media":0,"comment_status":"closed","ping_status":"open","sticky":false,"template":"","format":"standard","meta":{"footnotes":""},"categories":[1],"tags":[],"class_list":["post-1723","post","type-post","status-publish","format-standard","hentry","category-visszatekinto"],"_links":{"self":[{"href":"https:\/\/magyarutca.org\/wordpress\/wp-json\/wp\/v2\/posts\/1723","targetHints":{"allow":["GET"]}}],"collection":[{"href":"https:\/\/magyarutca.org\/wordpress\/wp-json\/wp\/v2\/posts"}],"about":[{"href":"https:\/\/magyarutca.org\/wordpress\/wp-json\/wp\/v2\/types\/post"}],"author":[{"embeddable":true,"href":"https:\/\/magyarutca.org\/wordpress\/wp-json\/wp\/v2\/users\/1"}],"replies":[{"embeddable":true,"href":"https:\/\/magyarutca.org\/wordpress\/wp-json\/wp\/v2\/comments?post=1723"}],"version-history":[{"count":4,"href":"https:\/\/magyarutca.org\/wordpress\/wp-json\/wp\/v2\/posts\/1723\/revisions"}],"predecessor-version":[{"id":1734,"href":"https:\/\/magyarutca.org\/wordpress\/wp-json\/wp\/v2\/posts\/1723\/revisions\/1734"}],"wp:attachment":[{"href":"https:\/\/magyarutca.org\/wordpress\/wp-json\/wp\/v2\/media?parent=1723"}],"wp:term":[{"taxonomy":"category","embeddable":true,"href":"https:\/\/magyarutca.org\/wordpress\/wp-json\/wp\/v2\/categories?post=1723"},{"taxonomy":"post_tag","embeddable":true,"href":"https:\/\/magyarutca.org\/wordpress\/wp-json\/wp\/v2\/tags?post=1723"}],"curies":[{"name":"wp","href":"https:\/\/api.w.org\/{rel}","templated":true}]}}