{"id":1783,"date":"2023-02-26T20:30:15","date_gmt":"2023-02-26T20:30:15","guid":{"rendered":"https:\/\/magyarutca.org\/wordpress\/?p=1783"},"modified":"2023-05-08T22:42:33","modified_gmt":"2023-05-08T22:42:33","slug":"2023-marcius-11-fme-eves-kozgyules","status":"publish","type":"post","link":"https:\/\/magyarutca.org\/wordpress\/blog\/2023-marcius-11-fme-eves-kozgyules\/","title":{"rendered":"2023.03.11_FME \u00e9ves k\u00f6zgy\u0171l\u00e9se"},"content":{"rendered":"\n<p>Kedves Mindenki,<\/p>\n\n\n\n<p>Az FME 2023&nbsp; \u00e9ves k\u00f6zgy\u0171l\u00e9se&nbsp; m\u00e1rcius&nbsp; 11.-\u00e9n&nbsp; lesz megtartva a Liszt int\u00e9zetben&nbsp;&nbsp; 14 \u00f3rai kezdettel.<\/p>\n\n\n\n<p>A max. 2 \u00f3r\u00e1sra tervezett rendes (nem tiszt\u00faj\u00edt\u00f3) &nbsp;k\u00f6zgy\u0171l\u00e9s ut\u00e1n \u00e1ll\u00f3fogad\u00e1s s\u00fctem\u00e9nyekkel, k\u00e1v\u00e9val, \u00fcdit\u00f6kkel, stb.<\/p>\n\n\n\n<p>A k\u00f6zgy\u0171l\u00e9s napirendi pontjai az alapszab\u00e1ly szerint:<\/p>\n\n\n\n<p><strong>11. \u00c9ves k\u00f6zgy\u0171l\u00e9s<\/strong><\/p>\n\n\n\n<p>Napirendj\u00e9nek tartalmaznia kell a k\u00f6vetkez\u0151ket:<\/p>\n\n\n\n<p>1. A k\u00f6zgy\u0171l\u00e9s megnyit\u00e1sa<br>2. A k\u00f6zgy\u0171l\u00e9s eln\u00f6k\u00e9nek, titk\u00e1r\u00e1nak, jegyz\u0151k\u00f6nyvi ellen\u0151r\u00e9nek \u00e9s szavazatsz\u00e1ml\u00e1l\u00f3j\u00e1nak megv\u00e1laszt\u00e1sa<br>3. A k\u00f6zgy\u0171l\u00e9s szab\u00e1lyszer\u0171s\u00e9g\u00e9nek \u00e9s hat\u00e1rozatk\u00e9pess\u00e9g\u00e9nek meg\u00e1llap\u00edt\u00e1sa<br>4. A napirend j\u00f3v\u00e1hagy\u00e1sa<br>5. A k\u00f6lts\u00e9gvet\u00e9s, p\u00e9nz\u00fcgyi besz\u00e1mol\u00f3 \u00e9s a p\u00e9nz\u00fcgyi ellen\u0151r\u00f6k jelent\u00e9seinek megt\u00e1rgyal\u00e1sa. Az \u00e9ves tev\u00e9kenys\u00e9g \u00e9rt\u00e9kel\u00e9se<br>6. Felel\u0151ss\u00e9g-felment\u00e9si d\u00f6nt\u00e9sek<br>7. A t\u00e1rgy\u00e9vi m\u0171k\u00f6d\u00e9si terv j\u00f3v\u00e1hagy\u00e1sa. A k\u00f6lts\u00e9gvet\u00e9si \u00e9s kiad\u00e1si tervezet, valamint a tags\u00e1g\u00ed d\u00edjak meg\u00e1llap\u00edt\u00e1sa<br>8. K\u00e9t\u00e9vente az \u00faj vezet\u0151s\u00e9gi tagok \u00e9s p\u00f3ttagok megv\u00e1laszt\u00e1sa, valamint \u00e9vente a meg\u00fcresed\u0151 vezet\u0151s\u00e9gi teend\u0151kbe \u00faj tagok \u00e9s p\u00f3ttagok megv\u00e1laszt\u00e1sa<br>9. K\u00e9t k\u00f6lts\u00e9gvet\u00e9si ellen\u0151r \u00e9s egy p\u00f3tellen\u0151r v\u00e1laszt\u00e1sa<br>10. P\u00e1rtol\u00f3tagok \u00e9s tiszteletbeli tagok j\u00f3v\u00e1hagy\u00e1sa<br>11.A tagok \u00e1ltal javasolt m\u00e1s napirendi pontok \u00e9s egy\u00e9b \u00fcgyek megt\u00e1rgyal\u00e1sa.<br>12. A k\u00f6zgy\u0171l\u00e9s bez\u00e1r\u00e1sa<\/p>\n\n\n\n<p>&#8212;&#8212;&#8212;-&nbsp;&nbsp; &#8212;&#8212;&#8212;&#8212;&#8212;&#8211;<\/p>\n\n\n\n<p>A szavaz\u00e1sr\u00f3l:<\/p>\n\n\n\n<p>A szavaz\u00e1si gyakorlat pontos\u00edt\u00e1sa miatt \u00f6sszeh\u00edvott rendkiv\u0171li k\u00f6zgy\u0171l\u00e9s d\u00f6nt\u00e9se szerint:&nbsp; (2022.11.10)<\/p>\n\n\n\n<p>&lt;&lt;&lt;Egy befizetett csal\u00e1di tagd\u00edjjal a tags\u00e1gi st\u00e1tusszal j\u00e1r\u00f3 kedvezm\u00e9nyek \u00e9rv\u00e9nyesek a csal\u00e1d minden tagj\u00e1ra.  A k\u00f6zgy\u0171l\u00e9seken annyi 15 \u00e9let\u00e9v\u00e9t bet\u00f6lt\u00f6tt tagnak van szavazati joga, ah\u00e1nyan a befizetett csal\u00e1di tagd\u00edjak alapj\u00e1n egy\u00e9ni tags\u00e1gi st\u00e1tusszal is rendelkeznek.&gt;&gt;&gt;<\/p>\n\n\n\n<p>Mivel a javasolt alapszab\u00e1lyv\u00e1ltoztat\u00e1sokra a PRH-t\u00f3l&nbsp; m\u00e9g nem kaptunk v\u00e1laszt, ez\u00e9rt az &nbsp;imm\u00e1ron&nbsp; 30 \u00e9ves, hagyom\u00e1nyos rendszert haszn\u00e1ljuk: &nbsp;<\/p>\n\n\n\n<p>Egy &nbsp;tags\u00e1gi ( csal\u00e1di) st\u00e1tusszal egy csal\u00e1db\u00f3l&nbsp; k\u00e9t feln\u0151tt szavazhat.     Valamint:    B\u00e1rmely tag legfeljebb h\u00e1rom t\u00e1vollev\u0151 tag szavazat\u00e1t adhatja le \u00edr\u00e1sbeli megb\u00edz\u00f3lev\u00e9l felmutat\u00e1s\u00e1val.<\/p>\n\n\n\n<p>Szeretettel v\u00e1runk mindenkit,<\/p>\n\n\n\n<p>Az FME&nbsp; vezet\u0151s\u00e9ge.<\/p>\n\n\n\n<h2 class=\"wp-block-heading\">F\u00e9nyk\u00e9pek itt:<\/h2>\n\n\n\n<p><a href=\"https:\/\/drive.google.com\/drive\/folders\/1DGfRnCaIp69zOZE-ydmwMONpXNODP72t\">https:\/\/drive.google.com\/drive\/folders\/1DGfRnCaIp69zOZE-ydmwMONpXNODP72t<\/a><\/p>\n","protected":false},"excerpt":{"rendered":"<p>Kedves Mindenki, Az FME 2023&nbsp; \u00e9ves k\u00f6zgy\u0171l\u00e9se&nbsp; m\u00e1rcius&nbsp; 11.-\u00e9n&nbsp; lesz megtartva a Liszt int\u00e9zetben&nbsp;&nbsp; 14 \u00f3rai kezdettel. A max. 2 \u00f3r\u00e1sra tervezett rendes (nem tiszt\u00faj\u00edt\u00f3) &nbsp;k\u00f6zgy\u0171l\u00e9s ut\u00e1n \u00e1ll\u00f3fogad\u00e1s s\u00fctem\u00e9nyekkel, k\u00e1v\u00e9val, \u00fcdit\u00f6kkel, stb. A k\u00f6zgy\u0171l\u00e9s napirendi pontjai az alapszab\u00e1ly szerint: 11. \u00c9ves k\u00f6zgy\u0171l\u00e9s Napirendj\u00e9nek tartalmaznia kell a k\u00f6vetkez\u0151ket: 1. A k\u00f6zgy\u0171l\u00e9s megnyit\u00e1sa2. A k\u00f6zgy\u0171l\u00e9s eln\u00f6k\u00e9nek, titk\u00e1r\u00e1nak, &hellip; <a href=\"https:\/\/magyarutca.org\/wordpress\/blog\/2023-marcius-11-fme-eves-kozgyules\/\" class=\"more-link\">Continue reading <span class=\"screen-reader-text\">2023.03.11_FME \u00e9ves k\u00f6zgy\u0171l\u00e9se<\/span><\/a><\/p>\n","protected":false},"author":1,"featured_media":0,"comment_status":"closed","ping_status":"open","sticky":false,"template":"","format":"standard","meta":{"footnotes":""},"categories":[1],"tags":[],"class_list":["post-1783","post","type-post","status-publish","format-standard","hentry","category-visszatekinto"],"_links":{"self":[{"href":"https:\/\/magyarutca.org\/wordpress\/wp-json\/wp\/v2\/posts\/1783","targetHints":{"allow":["GET"]}}],"collection":[{"href":"https:\/\/magyarutca.org\/wordpress\/wp-json\/wp\/v2\/posts"}],"about":[{"href":"https:\/\/magyarutca.org\/wordpress\/wp-json\/wp\/v2\/types\/post"}],"author":[{"embeddable":true,"href":"https:\/\/magyarutca.org\/wordpress\/wp-json\/wp\/v2\/users\/1"}],"replies":[{"embeddable":true,"href":"https:\/\/magyarutca.org\/wordpress\/wp-json\/wp\/v2\/comments?post=1783"}],"version-history":[{"count":8,"href":"https:\/\/magyarutca.org\/wordpress\/wp-json\/wp\/v2\/posts\/1783\/revisions"}],"predecessor-version":[{"id":1946,"href":"https:\/\/magyarutca.org\/wordpress\/wp-json\/wp\/v2\/posts\/1783\/revisions\/1946"}],"wp:attachment":[{"href":"https:\/\/magyarutca.org\/wordpress\/wp-json\/wp\/v2\/media?parent=1783"}],"wp:term":[{"taxonomy":"category","embeddable":true,"href":"https:\/\/magyarutca.org\/wordpress\/wp-json\/wp\/v2\/categories?post=1783"},{"taxonomy":"post_tag","embeddable":true,"href":"https:\/\/magyarutca.org\/wordpress\/wp-json\/wp\/v2\/tags?post=1783"}],"curies":[{"name":"wp","href":"https:\/\/api.w.org\/{rel}","templated":true}]}}