{"id":1804,"date":"2023-02-26T20:53:47","date_gmt":"2023-02-26T20:53:47","guid":{"rendered":"https:\/\/magyarutca.org\/wordpress\/?p=1804"},"modified":"2023-05-21T16:33:58","modified_gmt":"2023-05-21T16:33:58","slug":"2023-05-6-vagy-13-babszinhaz-a-liszt-intezetben","status":"publish","type":"post","link":"https:\/\/magyarutca.org\/wordpress\/blog\/2023-05-6-vagy-13-babszinhaz-a-liszt-intezetben\/","title":{"rendered":"2023.05.13_B\u00e1bsz\u00ednh\u00e1z a Liszt Int\u00e9zetben: &#8220;Vilmos a b\u00e9ka&#8221;"},"content":{"rendered":"\n<p class=\"has-medium-font-size\">Besz\u00e1mol\u00f3<\/p>\n\n\n\n<p>Any\u00e1k napja el\u0151tt egy nappal, m\u00e1jus 13-\u00e1n szombaton b\u00e1bel\u0151ad\u00e1s v\u00e1rta a Helsinki \u00e9s k\u00f6rny\u00e9k\u00e9n \u00e9l\u0151 kisgyermekes csal\u00e1dokat. Az el\u0151ad\u00e1s a Liszt Int\u00e9zet \u00e9s az FME k\u00f6z\u00f6s szervez\u00e9s\u00e9ben az int\u00e9zet ki\u00e1ll\u00edt\u00f3 term\u00e9ben ker\u00fclt megrendez\u00e9sre. A d\u00e9lut\u00e1n el\u0151ad\u00f3it Tam\u00e1s Erzs\u00e9betet \u00e9s Kantola (Explorers) m\u00e1r ismerhetik a magyar gyerekek, hiszen magyar sz\u00ednj\u00e1tsz\u00f3 klubot vezetnek Espooban, \u00e9s zenei foglalkoz\u00e1sokat tartanak Zene morzsa n\u00e9ven. Erre a napra egy interakt\u00edv zen\u00e9s b\u00e1bsz\u00ednh\u00e1zi el\u0151ad\u00e1ssal k\u00e9sz\u00fcltek kicsiknek \u00e9s nagyoknak Vilmos a b\u00e9ka c\u00edmmel. A t\u00f6rt\u00e9net&nbsp; egy elragad\u00f3 \u00e9s vicces b\u00e9k\u00e1r\u00f3l sz\u00f3lt, aki bar\u00e1tokat keresett mag\u00e1nak.A gyerekek \u00e9lvezettel \u00e9s nagy lelkesed\u00e9ssel k\u00f6vett\u00e9k a mese fonal\u00e1t.<\/p>\n\n\n\n<p>A Liszt Int\u00e9zet ki\u00e1ll\u00edt\u00f3 term\u00e9nek \u00f6sszes sz\u00e9k\u00e9re sz\u00fcks\u00e9g volt, olyan nagy volt az \u00e9rdekl\u0151d\u00e9s. A f\u00e9l \u00f3r\u00e1s el\u0151ad\u00e1s ut\u00e1n, azok a gyerekek akik m\u00e9g b\u00edrt\u00e1k a figyelmet, egy kis k\u00f6z\u00f6s j\u00e1t\u00e9kra, \u00e9nekre maradhattak az KCSP \u00f6szt\u00f6nd\u00edjas vezet\u00e9s\u00e9vel.<\/p>\n\n\n\n<p>Albertn\u00e9 Jo\u00f3b Emese<\/p>\n\n\n\n<p>Az \u00f6sszes f\u00e9nyk\u00e9pek \u00e9s vide\u00f3k itt:  <\/p>\n\n\n\n<p><a href=\"https:\/\/drive.google.com\/drive\/folders\/1uGpZ61o9AtFaT4KsKCOc7ihvemhb6iFg\">https:\/\/drive.google.com\/drive\/folders\/1uGpZ61o9AtFaT4KsKCOc7ihvemhb6iFg<\/a><\/p>\n\n\n\n<figure class=\"wp-block-image size-full is-resized\"><img loading=\"lazy\" decoding=\"async\" src=\"https:\/\/magyarutca.org\/wordpress\/wp-content\/uploads\/2023\/05\/IMG_0209.jpg\" alt=\"\" class=\"wp-image-1973\" width=\"616\" height=\"461\" srcset=\"https:\/\/magyarutca.org\/wordpress\/wp-content\/uploads\/2023\/05\/IMG_0209.jpg 800w, https:\/\/magyarutca.org\/wordpress\/wp-content\/uploads\/2023\/05\/IMG_0209-300x225.jpg 300w, https:\/\/magyarutca.org\/wordpress\/wp-content\/uploads\/2023\/05\/IMG_0209-768x576.jpg 768w\" sizes=\"auto, (max-width: 616px) 100vw, 616px\" \/><\/figure>\n\n\n\n<p><\/p>\n\n\n\n<figure class=\"wp-block-image size-full\"><img loading=\"lazy\" decoding=\"async\" width=\"800\" height=\"600\" src=\"https:\/\/magyarutca.org\/wordpress\/wp-content\/uploads\/2023\/05\/IMG_0213.jpg\" alt=\"\" class=\"wp-image-1974\" srcset=\"https:\/\/magyarutca.org\/wordpress\/wp-content\/uploads\/2023\/05\/IMG_0213.jpg 800w, https:\/\/magyarutca.org\/wordpress\/wp-content\/uploads\/2023\/05\/IMG_0213-300x225.jpg 300w, https:\/\/magyarutca.org\/wordpress\/wp-content\/uploads\/2023\/05\/IMG_0213-768x576.jpg 768w\" sizes=\"auto, (max-width: 800px) 100vw, 800px\" \/><\/figure>\n\n\n\n<p><\/p>\n\n\n\n<p>*********    ************<\/p>\n\n\n\n<p>Kedves Mindenki!&nbsp; &nbsp;&nbsp;<\/p>\n\n\n\n<p class=\"has-medium-font-size\">&nbsp;Szeretettel v\u00e1runk az Explorers b\u00e1bel\u0151ad\u00e1s\u00e1ra,&nbsp; m\u00e1jus&nbsp; 13-\u00e1n (szombaton), &nbsp;15 \u00f3r\u00e1t\u00f3l a&nbsp; Liszt Int\u00e9zetben (Kaisaniemenkatu 10, 00100 Helsinki).<br>K\u00e9rj\u00fck jelentkezzetek el\u0151re&nbsp;vas\u00e1rnap (m\u00e1jus 7., Any\u00e1k napja)&nbsp; estig, mert a&nbsp;rendezv\u00e9nyt csak el\u00e9gs\u00e9ges r\u00e9sztvev\u0151&nbsp;eset\u00e9ben tartjuk meg!&nbsp;<br>A&nbsp; jelentkez\u00e9seteket&nbsp;ide k\u00fcldj\u00e9tek e-mailben:&nbsp;&nbsp;<a href=\"mailto:nagy.bigus@gabriel.fi\" target=\"_blank\" rel=\"noreferrer noopener\">nagy.bigus@gabriel.fi<\/a><\/p>\n\n\n\n<p class=\"has-medium-font-size\">A rendezv\u00e9nyt kb. egy \u00f3ra hossz\u00fara tervezz\u00fck, amib\u0151l&nbsp;az el\u0151ad\u00e1s kb. 35 perces, majd&nbsp;a gyerekeknek&nbsp;Emese vezet\u00e9s\u00e9vel&nbsp; lehet\u0151s\u00e9ge lesz egy kis k\u00f6z\u00f6s \u00e9nekl\u00e9sre,&nbsp;j\u00e1t\u00e9kra, egy\u00fcttl\u00e9tre.   <\/p>\n\n\n\n<p class=\"has-medium-font-size\">A rendezv\u00e9ny bel\u00e9p\u0151d\u00edjas:<br>-a 2023-as tagd\u00edjat befizetett FME tagoknak <strong><em>csal\u00e1donk\u00e9nt:<\/em><\/strong>&nbsp;10 \u20ac<br>-(m\u00e9g) nem FME tagoknak&nbsp;<strong><em>csal\u00e1donk\u00e9nt:<\/em><\/strong>&nbsp;20 \u20ac.<br>&nbsp;(A rendezv\u00e9nyt csak el\u00e9gs\u00e9ges r\u00e9sztvev\u0151 eset\u00e9ben tartjuk meg.)<br><\/p>\n\n\n\n<p class=\"has-medium-font-size\">\u00dcdv\u00f6zlettel<br>az FME vezet\u0151s\u00e9ge<\/p>\n\n\n\n<p><\/p>\n\n\n\n<figure class=\"wp-block-image size-large\"><img loading=\"lazy\" decoding=\"async\" width=\"724\" height=\"1024\" src=\"https:\/\/magyarutca.org\/wordpress\/wp-content\/uploads\/2023\/05\/Explorers_William-the-frog-724x1024.jpg\" alt=\"\" class=\"wp-image-1918\" srcset=\"https:\/\/magyarutca.org\/wordpress\/wp-content\/uploads\/2023\/05\/Explorers_William-the-frog-724x1024.jpg 724w, https:\/\/magyarutca.org\/wordpress\/wp-content\/uploads\/2023\/05\/Explorers_William-the-frog-212x300.jpg 212w, https:\/\/magyarutca.org\/wordpress\/wp-content\/uploads\/2023\/05\/Explorers_William-the-frog-768x1086.jpg 768w, https:\/\/magyarutca.org\/wordpress\/wp-content\/uploads\/2023\/05\/Explorers_William-the-frog-1086x1536.jpg 1086w, https:\/\/magyarutca.org\/wordpress\/wp-content\/uploads\/2023\/05\/Explorers_William-the-frog.jpg 1414w\" sizes=\"auto, (max-width: 724px) 100vw, 724px\" \/><\/figure>\n","protected":false},"excerpt":{"rendered":"<p>Besz\u00e1mol\u00f3 Any\u00e1k napja el\u0151tt egy nappal, m\u00e1jus 13-\u00e1n szombaton b\u00e1bel\u0151ad\u00e1s v\u00e1rta a Helsinki \u00e9s k\u00f6rny\u00e9k\u00e9n \u00e9l\u0151 kisgyermekes csal\u00e1dokat. Az el\u0151ad\u00e1s a Liszt Int\u00e9zet \u00e9s az FME k\u00f6z\u00f6s szervez\u00e9s\u00e9ben az int\u00e9zet ki\u00e1ll\u00edt\u00f3 term\u00e9ben ker\u00fclt megrendez\u00e9sre. A d\u00e9lut\u00e1n el\u0151ad\u00f3it Tam\u00e1s Erzs\u00e9betet \u00e9s Kantola (Explorers) m\u00e1r ismerhetik a magyar gyerekek, hiszen magyar sz\u00ednj\u00e1tsz\u00f3 klubot vezetnek Espooban, \u00e9s zenei &hellip; <a href=\"https:\/\/magyarutca.org\/wordpress\/blog\/2023-05-6-vagy-13-babszinhaz-a-liszt-intezetben\/\" class=\"more-link\">Continue reading <span class=\"screen-reader-text\">2023.05.13_B\u00e1bsz\u00ednh\u00e1z a Liszt Int\u00e9zetben: &#8220;Vilmos a b\u00e9ka&#8221;<\/span><\/a><\/p>\n","protected":false},"author":1,"featured_media":0,"comment_status":"closed","ping_status":"open","sticky":false,"template":"","format":"standard","meta":{"footnotes":""},"categories":[1],"tags":[],"class_list":["post-1804","post","type-post","status-publish","format-standard","hentry","category-visszatekinto"],"_links":{"self":[{"href":"https:\/\/magyarutca.org\/wordpress\/wp-json\/wp\/v2\/posts\/1804","targetHints":{"allow":["GET"]}}],"collection":[{"href":"https:\/\/magyarutca.org\/wordpress\/wp-json\/wp\/v2\/posts"}],"about":[{"href":"https:\/\/magyarutca.org\/wordpress\/wp-json\/wp\/v2\/types\/post"}],"author":[{"embeddable":true,"href":"https:\/\/magyarutca.org\/wordpress\/wp-json\/wp\/v2\/users\/1"}],"replies":[{"embeddable":true,"href":"https:\/\/magyarutca.org\/wordpress\/wp-json\/wp\/v2\/comments?post=1804"}],"version-history":[{"count":14,"href":"https:\/\/magyarutca.org\/wordpress\/wp-json\/wp\/v2\/posts\/1804\/revisions"}],"predecessor-version":[{"id":1976,"href":"https:\/\/magyarutca.org\/wordpress\/wp-json\/wp\/v2\/posts\/1804\/revisions\/1976"}],"wp:attachment":[{"href":"https:\/\/magyarutca.org\/wordpress\/wp-json\/wp\/v2\/media?parent=1804"}],"wp:term":[{"taxonomy":"category","embeddable":true,"href":"https:\/\/magyarutca.org\/wordpress\/wp-json\/wp\/v2\/categories?post=1804"},{"taxonomy":"post_tag","embeddable":true,"href":"https:\/\/magyarutca.org\/wordpress\/wp-json\/wp\/v2\/tags?post=1804"}],"curies":[{"name":"wp","href":"https:\/\/api.w.org\/{rel}","templated":true}]}}