{"id":1851,"date":"2023-03-20T22:14:53","date_gmt":"2023-03-20T22:14:53","guid":{"rendered":"https:\/\/magyarutca.org\/wordpress\/?p=1851"},"modified":"2023-03-20T22:17:12","modified_gmt":"2023-03-20T22:17:12","slug":"2023-02-24-26_finnugor-nepek-talalkozoja-kuhmoban","status":"publish","type":"post","link":"https:\/\/magyarutca.org\/wordpress\/blog\/2023-02-24-26_finnugor-nepek-talalkozoja-kuhmoban\/","title":{"rendered":"2023.02.24-26_Finnugor n\u00e9pek tal\u00e1lkoz\u00f3ja Kuhmoban."},"content":{"rendered":"\n<p class=\"has-medium-font-size\">A Finnorsz\u00e1gi magyarok egyes\u00fclete k\u00e9pvisel\u0151jek\u00e9nt r\u00e9szt vettem 2023 febru\u00e1r 24-26 k\u00f6z\u00f6tt a Kuhmoban megrendezett finnugor n\u00e9pek nyelvi helyzet\u00e9r\u0151l tartott el\u0151ad\u00e1ssorozaton.<\/p>\n\n\n\n<p class=\"has-medium-font-size\">Nagy \u00e1ltal\u00e1noss\u00e1gban elmondhat\u00f3, hogy a kisebbs\u00e9gben \u00e9l\u0151 kis l\u00e9tsz\u00e1m\u00fa n\u00e9pek nyelv\u00e9nek a fennmarad\u00e1sa nagy vesz\u00e9lyben van, legyen az Finnorsz\u00e1gban, Rom\u00e1ni\u00e1ban, Ukrajn\u00e1ban, Sv\u00e9dorsz\u00e1gban vagy Oroszorsz\u00e1gban. Kitart\u00f3 \u00e9s odaad\u00f3 munka \u00e1r\u00e1n lehet kitolni az id\u0151t miel\u0151tt ezek a kis n\u00e9pcsoportok teljesen asszimil\u00e1l\u00f3dnak. Az asszimil\u00e1l\u00f3d\u00e1s folyamata tal\u00e1n az \u00fan. nyugati orsz\u00e1gokban m\u00e9g gyorsabb lett mert a cs\u00facstechnol\u00f3gi\u00e1k a kis nyelvek rov\u00e1s\u00e1ra az angol nyelv haszn\u00e1lat\u00e1t helyezik el\u0151t\u00e9rbe.<\/p>\n\n\n\n<p class=\"has-medium-font-size\">R\u00e9szv\u00e9telem sikeres volt m\u00e1r csak az\u00e9rt is mert sz\u00f3v\u00e1 tettem a moldvai cs\u00e1ng\u00f3 magyarok neh\u00e9z helyzet\u00e9t ezen az \u00f6sszej\u00f6vetelen.<\/p>\n\n\n\n<p class=\"has-medium-font-size\">Tov\u00e1bbra sem vagyok meggy\u0151z\u0151dve arr\u00f3l, hogy a magyar nyelv ebbe a finnugor nyelvcsal\u00e1dba tartozik ahov\u00e1 valamikor \u201delhelyezt\u00e9k\u201d mert 32 \u00e9v finnorsz\u00e1gi nyelvi tapasztalatom ezt nem t\u00e1masztja al\u00e1. Nem vagyok nyelvszakos de ez a v\u00e9lem\u00e9nyem.<\/p>\n\n\n\n<p class=\"has-medium-font-size\">Link a k\u00e9pekhez:&nbsp;<\/p>\n\n\n\n<p class=\"has-medium-font-size\"><a href=\"https:\/\/drive.google.com\/drive\/folders\/1vFDIjVBg435s4DzhV7iWfn1XEm8OPT_Q\">2023.02.24-26. Kuhmo Finnugor n\u00e9pek tal\u00e1lkoz\u00f3ja<\/a><\/p>\n\n\n\n<p>G\u00e1lfi Istv\u00e1n<\/p>\n\n\n\n<p>Kuhmo, 2023. febru\u00e1r 27.<\/p>\n","protected":false},"excerpt":{"rendered":"<p>A Finnorsz\u00e1gi magyarok egyes\u00fclete k\u00e9pvisel\u0151jek\u00e9nt r\u00e9szt vettem 2023 febru\u00e1r 24-26 k\u00f6z\u00f6tt a Kuhmoban megrendezett finnugor n\u00e9pek nyelvi helyzet\u00e9r\u0151l tartott el\u0151ad\u00e1ssorozaton. Nagy \u00e1ltal\u00e1noss\u00e1gban elmondhat\u00f3, hogy a kisebbs\u00e9gben \u00e9l\u0151 kis l\u00e9tsz\u00e1m\u00fa n\u00e9pek nyelv\u00e9nek a fennmarad\u00e1sa nagy vesz\u00e9lyben van, legyen az Finnorsz\u00e1gban, Rom\u00e1ni\u00e1ban, Ukrajn\u00e1ban, Sv\u00e9dorsz\u00e1gban vagy Oroszorsz\u00e1gban. Kitart\u00f3 \u00e9s odaad\u00f3 munka \u00e1r\u00e1n lehet kitolni az id\u0151t miel\u0151tt ezek &hellip; <a href=\"https:\/\/magyarutca.org\/wordpress\/blog\/2023-02-24-26_finnugor-nepek-talalkozoja-kuhmoban\/\" class=\"more-link\">Continue reading <span class=\"screen-reader-text\">2023.02.24-26_Finnugor n\u00e9pek tal\u00e1lkoz\u00f3ja Kuhmoban.<\/span><\/a><\/p>\n","protected":false},"author":1,"featured_media":0,"comment_status":"closed","ping_status":"open","sticky":false,"template":"","format":"standard","meta":{"footnotes":""},"categories":[1],"tags":[],"class_list":["post-1851","post","type-post","status-publish","format-standard","hentry","category-visszatekinto"],"_links":{"self":[{"href":"https:\/\/magyarutca.org\/wordpress\/wp-json\/wp\/v2\/posts\/1851","targetHints":{"allow":["GET"]}}],"collection":[{"href":"https:\/\/magyarutca.org\/wordpress\/wp-json\/wp\/v2\/posts"}],"about":[{"href":"https:\/\/magyarutca.org\/wordpress\/wp-json\/wp\/v2\/types\/post"}],"author":[{"embeddable":true,"href":"https:\/\/magyarutca.org\/wordpress\/wp-json\/wp\/v2\/users\/1"}],"replies":[{"embeddable":true,"href":"https:\/\/magyarutca.org\/wordpress\/wp-json\/wp\/v2\/comments?post=1851"}],"version-history":[{"count":3,"href":"https:\/\/magyarutca.org\/wordpress\/wp-json\/wp\/v2\/posts\/1851\/revisions"}],"predecessor-version":[{"id":1854,"href":"https:\/\/magyarutca.org\/wordpress\/wp-json\/wp\/v2\/posts\/1851\/revisions\/1854"}],"wp:attachment":[{"href":"https:\/\/magyarutca.org\/wordpress\/wp-json\/wp\/v2\/media?parent=1851"}],"wp:term":[{"taxonomy":"category","embeddable":true,"href":"https:\/\/magyarutca.org\/wordpress\/wp-json\/wp\/v2\/categories?post=1851"},{"taxonomy":"post_tag","embeddable":true,"href":"https:\/\/magyarutca.org\/wordpress\/wp-json\/wp\/v2\/tags?post=1851"}],"curies":[{"name":"wp","href":"https:\/\/api.w.org\/{rel}","templated":true}]}}