{"id":2327,"date":"2024-12-20T13:41:34","date_gmt":"2024-12-20T13:41:34","guid":{"rendered":"https:\/\/magyarutca.org\/wordpress\/?p=2327"},"modified":"2025-06-08T14:55:14","modified_gmt":"2025-06-08T14:55:14","slug":"2024-11-09_wass-albert-est","status":"publish","type":"post","link":"https:\/\/magyarutca.org\/wordpress\/blog\/2024-11-09_wass-albert-est\/","title":{"rendered":"2024.11.09 Wass Albert est"},"content":{"rendered":"\n<h2 class=\"wp-block-heading\"><strong>Besz\u00e1mol\u00f3<\/strong><\/h2>\n\n\n\n<h2 class=\"wp-block-heading\"><strong>Kurucz \u00c1d\u00e1m Konr\u00e1d- N\u00e9pem, Fajt\u00e1m, V\u00e9rem! &#8211; Wass Albert Portr\u00e9m\u0171sor a Helsinki Liszt Int\u00e9zetben<\/strong><\/h2>\n\n\n\n<p><strong>2024. november 9.<\/strong><\/p>\n\n\n\n<p>A Finnorsz\u00e1gi Magyarok Egyes\u00fclete megh\u00edv\u00e1s\u00e1ra Helsinkibe \u00e9rkezett Kurucz \u00c1d\u00e1m Konr\u00e1d Latinovits- d\u00edjas versmond\u00f3, sz\u00edn\u00e9sz., aki a \u201eN\u00e9pem, Fajt\u00e1m, V\u00e9rem!\u201d c\u00edm\u0171 el\u0151ad\u00e1s\u00e1t adta el\u0151 a Liszt Int\u00e9zetben november 9-\u00e9n.<\/p>\n\n\n\n<p>Wass Albert, a magyar irodalom egyik meghat\u00e1roz\u00f3 alakja, nemcsak m\u0171veiben, hanem \u00e9let\u00e9vel is p\u00e9ld\u00e1t mutatott. Az est sor\u00e1n Kurucz \u00c1d\u00e1m Konr\u00e1d \u00e9rz\u00e9keny el\u0151ad\u00e1s\u00e1val siker\u00fclt visszaadnia az \u00edr\u00f3 gondolatait \u00e9s szenved\u00e9ly\u00e9t, amelyeket a hazaszeretet, az embers\u00e9g \u00e9s az igazs\u00e1g ir\u00e1nti elk\u00f6telezetts\u00e9g hat \u00e1t. Az el\u0151ad\u00f3 nemcsak sz\u00edn\u00e9szi tehets\u00e9g\u00e9t, hanem az irodalmi sz\u00f6vegek ir\u00e1nti m\u00e9ly tisztelet\u00e9t is megmutatta, \u00edgy az est val\u00f3di \u00e9rzelmi \u00e9s szellemi \u00e9lm\u00e9nyt ny\u00fajtott a k\u00f6z\u00f6ns\u00e9g sz\u00e1m\u00e1ra.<\/p>\n\n\n\n<p>A k\u00f6z\u00f6ns\u00e9g csendben \u00e9s \u00e1h\u00edtattal figyelte az el\u0151ad\u00e1st, sokakat szemmel l\u00e1that\u00f3an meg\u00e9rintettek a dr\u00e1mai pillanatok. Kurucz \u00c1d\u00e1m Konr\u00e1d alak\u00edt\u00e1sa lehet\u0151s\u00e9get adott arra, hogy a n\u00e9z\u0151k \u00faj szempontb\u00f3l ismerhess\u00e9k meg Wass Albertet, \u00e9s sokan \u00fagy \u00e9rezhett\u00e9k, mintha szem\u00e9lyesen is tal\u00e1lkoztak volna a k\u00f6lt\u0151vel. Az el\u0151ad\u00e1s v\u00e9g\u00e9n a k\u00f6z\u00f6ns\u00e9g hossz\u00fa tapssal k\u00f6sz\u00f6nte meg az \u00e9lm\u00e9nyt.<\/p>\n\n\n\n<p>Az el\u0151ad\u00e1s alatti sz\u00fcnetben a kedves vend\u00e9geknek az Egyes\u00fclet h\u0171s\u00edt\u0151kkel \u00e9s falatk\u00e1kkal kedveskedett.<br>A Finnorsz\u00e1gi Magyarok Egyes\u00fclete ism\u00e9t olyan esem\u00e9nyt szervezett, amely lehet\u0151s\u00e9get adott az itt \u00e9l\u0151 magyarok sz\u00e1m\u00e1ra, hogy kapcsolatot teremtsenek kultur\u00e1lis \u00f6r\u00f6ks\u00e9g\u00fckkel \u00e9s \u00fajra \u00e1t\u00e9lj\u00e9k azt a magyar identit\u00e1studatot, amelyet Wass Albert \u00edr\u00e1sai \u00e9s eszmeis\u00e9ge is k\u00e9pvisel. Az est nemcsak kultur\u00e1lis, hanem \u00e9rzelmi \u00e9lm\u00e9nyt is ny\u00fajtott, \u00edgy a k\u00f6z\u00f6ss\u00e9g tagjai \u00faj lend\u00fclettel gazdagodva t\u00e9rhettek haza.<\/p>\n\n\n\n<figure class=\"wp-block-image size-full\"><img loading=\"lazy\" decoding=\"async\" width=\"807\" height=\"367\" src=\"https:\/\/magyarutca.org\/wordpress\/wp-content\/uploads\/2024\/12\/2021-22_Megvalosult-minden-egyben.jpg\" alt=\"\" class=\"wp-image-2524\" srcset=\"https:\/\/magyarutca.org\/wordpress\/wp-content\/uploads\/2024\/12\/2021-22_Megvalosult-minden-egyben.jpg 807w, https:\/\/magyarutca.org\/wordpress\/wp-content\/uploads\/2024\/12\/2021-22_Megvalosult-minden-egyben-300x136.jpg 300w, https:\/\/magyarutca.org\/wordpress\/wp-content\/uploads\/2024\/12\/2021-22_Megvalosult-minden-egyben-768x349.jpg 768w\" sizes=\"auto, (max-width: 807px) 100vw, 807px\" \/><\/figure>\n\n\n\n<p><\/p>\n\n\n\n<p><\/p>\n\n\n\n<h4 class=\"wp-block-heading has-medium-font-size\"><strong>Kurucz \u00c1d\u00e1m Konr\u00e1d: <em>N\u00e9pem, Fajt\u00e1m, V\u00e9rem!<\/em> \u2013&nbsp;Wass&nbsp;Albert&nbsp;Portr\u00e9m\u0171sor<\/strong><\/h4>\n\n\n\n<p>Szeretettel v\u00e1runk mindenkit&nbsp;<strong>Wass&nbsp;Albert<\/strong>&nbsp;portr\u00e9m\u0171sorunkra,&nbsp;<strong><em>N\u00e9pem, Fajt\u00e1m, V\u00e9rem<\/em><\/strong>&nbsp;c\u00edmmel.<\/p>\n\n\n\n<p>Az el\u0151ad\u00e1sra a fiatal \u00e9s tehets\u00e9ges&nbsp;<strong>Kurucz \u00c1d\u00e1m Konr\u00e1d<\/strong>&nbsp;Latinovits-d\u00edjas versmond\u00f3, sz\u00edn\u00e9sz, el\u0151ad\u00e1s\u00e1ban ker\u00fcl sor.<\/p>\n\n\n\n<p><strong>Id\u0151pont:<\/strong>2024. november 9., szombat, 17 \u00f3rakor<\/p>\n\n\n\n<p><strong>Helysz\u00edn:<\/strong>Liszt Int\u00e9zet \u2013&nbsp;Magyar Kultur\u00e1lis K\u00f6zpont(Kaisaniemenkatu 10, 00100 Helsinki)<\/p>\n\n\n\n<p><strong>Bel\u00e9p\u00e9s: &nbsp;ingyenes&nbsp;<\/strong>de k\u00e9rj\u00fck minden \u00e9rdekl\u0151d\u0151&nbsp;regisztr\u00e1ljon. &nbsp;<\/p>\n\n\n\n<p>Wass&nbsp;Albert, a magyar irodalom kiemelked\u0151 alakja, m\u0171veivel m\u00e9ly hat\u00e1st gyakorolt nemcsak a magyar kult\u00far\u00e1ra de a magyar identit\u00e1sra is. Az&nbsp;est&nbsp;folyam\u00e1n Kurucz \u00c1d\u00e1m Konr\u00e1d var\u00e1zslatos el\u0151ad\u00e1sm\u00f3dj\u00e1val id\u00e9zi fel a k\u00f6lt\u0151 \u00e9s \u00edr\u00f3 gondolatait \u00e9s \u00e9rz\u00e9seit, \u00edgy lehet\u0151s\u00e9get adva arra, hogy m\u00e9lyebb kapcsolatba ker\u00fclj\u00fcnk&nbsp;Wass&nbsp;Albert&nbsp;\u00e9let\u00e9vel \u00e9s munk\u00e1ss\u00e1g\u00e1val. A m\u0171sor c\u00e9lja, hogy bemutassa nemcsak a k\u00f6lt\u0151 \u00edr\u00e1sait, hanem az \u00e1ltala k\u00e9pviselt \u00e9rt\u00e9keket is!<\/p>\n\n\n\n<p><strong>Csatlakozz hozz\u00e1nk!<\/strong><\/p>\n\n\n\n<p>Ne hagyj\u00e1tok ki ezt a k\u00fcl\u00f6nleges esem\u00e9nyt, ahol k\u00f6z\u00f6sen \u00fcnnepelhetj\u00fck a magyar kult\u00far\u00e1t \u00e9s&nbsp;Wass&nbsp;Albert&nbsp;\u00f6r\u00f6ks\u00e9g\u00e9t. V\u00e1runk mindenkit szeretettel!<\/p>\n\n\n\n<p>Regisztr\u00e1ci\u00f3\u00e9rt k\u00e9rj\u00fck l\u00e1togassatok el az al\u00e1bbi linkre:&nbsp;&nbsp;&nbsp;<a href=\"https:\/\/urly.fi\/3DIR\" target=\"_blank\" rel=\"noreferrer noopener\">Regisztr\u00e1ci\u00f3&nbsp;Wass&nbsp;Albert&nbsp;estre<\/a>.<\/p>\n\n\n\n<p>Tov\u00e1bbi inform\u00e1ci\u00f3 az el\u0151ad\u00f3r\u00f3l:&nbsp;<a href=\"https:\/\/www.kuruczadamkonrad.hu\/\" target=\"_blank\" rel=\"noreferrer noopener\">https:\/\/www.kuruczadamkonrad.hu\/<\/a><\/p>\n\n\n\n<p>Szervez\u0151k: Finnorsz\u00e1gi Magyarok Egyes\u00fclete (FME), Liszt Int\u00e9zet \u2013 Magyar Kultur\u00e1lis K\u00f6zpont<\/p>\n\n\n\n<figure class=\"wp-block-image size-full\"><img loading=\"lazy\" decoding=\"async\" width=\"775\" height=\"258\" src=\"https:\/\/magyarutca.org\/wordpress\/wp-content\/uploads\/2024\/12\/logo-fmeliszt.jpg\" alt=\"\" class=\"wp-image-2328\" srcset=\"https:\/\/magyarutca.org\/wordpress\/wp-content\/uploads\/2024\/12\/logo-fmeliszt.jpg 775w, https:\/\/magyarutca.org\/wordpress\/wp-content\/uploads\/2024\/12\/logo-fmeliszt-300x100.jpg 300w, https:\/\/magyarutca.org\/wordpress\/wp-content\/uploads\/2024\/12\/logo-fmeliszt-768x256.jpg 768w\" sizes=\"auto, (max-width: 775px) 100vw, 775px\" \/><\/figure>\n\n\n\n<figure class=\"wp-block-image size-large is-resized\"><img loading=\"lazy\" decoding=\"async\" width=\"1024\" height=\"727\" src=\"https:\/\/magyarutca.org\/wordpress\/wp-content\/uploads\/2024\/12\/logok-1024x727.jpg\" alt=\"\" class=\"wp-image-2329\" style=\"width:346px;height:auto\" srcset=\"https:\/\/magyarutca.org\/wordpress\/wp-content\/uploads\/2024\/12\/logok-1024x727.jpg 1024w, https:\/\/magyarutca.org\/wordpress\/wp-content\/uploads\/2024\/12\/logok-300x213.jpg 300w, https:\/\/magyarutca.org\/wordpress\/wp-content\/uploads\/2024\/12\/logok-768x545.jpg 768w, https:\/\/magyarutca.org\/wordpress\/wp-content\/uploads\/2024\/12\/logok-1536x1090.jpg 1536w, https:\/\/magyarutca.org\/wordpress\/wp-content\/uploads\/2024\/12\/logok-2048x1453.jpg 2048w\" sizes=\"auto, (max-width: 1024px) 100vw, 1024px\" \/><\/figure>\n","protected":false},"excerpt":{"rendered":"<p>Besz\u00e1mol\u00f3 Kurucz \u00c1d\u00e1m Konr\u00e1d- N\u00e9pem, Fajt\u00e1m, V\u00e9rem! &#8211; Wass Albert Portr\u00e9m\u0171sor a Helsinki Liszt Int\u00e9zetben 2024. november 9. A Finnorsz\u00e1gi Magyarok Egyes\u00fclete megh\u00edv\u00e1s\u00e1ra Helsinkibe \u00e9rkezett Kurucz \u00c1d\u00e1m Konr\u00e1d Latinovits- d\u00edjas versmond\u00f3, sz\u00edn\u00e9sz., aki a \u201eN\u00e9pem, Fajt\u00e1m, V\u00e9rem!\u201d c\u00edm\u0171 el\u0151ad\u00e1s\u00e1t adta el\u0151 a Liszt Int\u00e9zetben november 9-\u00e9n. Wass Albert, a magyar irodalom egyik meghat\u00e1roz\u00f3 alakja, nemcsak &hellip; <a href=\"https:\/\/magyarutca.org\/wordpress\/blog\/2024-11-09_wass-albert-est\/\" class=\"more-link\">Continue reading <span class=\"screen-reader-text\">2024.11.09 Wass Albert est<\/span><\/a><\/p>\n","protected":false},"author":5,"featured_media":0,"comment_status":"closed","ping_status":"open","sticky":false,"template":"","format":"standard","meta":{"footnotes":""},"categories":[1],"tags":[],"class_list":["post-2327","post","type-post","status-publish","format-standard","hentry","category-visszatekinto"],"_links":{"self":[{"href":"https:\/\/magyarutca.org\/wordpress\/wp-json\/wp\/v2\/posts\/2327","targetHints":{"allow":["GET"]}}],"collection":[{"href":"https:\/\/magyarutca.org\/wordpress\/wp-json\/wp\/v2\/posts"}],"about":[{"href":"https:\/\/magyarutca.org\/wordpress\/wp-json\/wp\/v2\/types\/post"}],"author":[{"embeddable":true,"href":"https:\/\/magyarutca.org\/wordpress\/wp-json\/wp\/v2\/users\/5"}],"replies":[{"embeddable":true,"href":"https:\/\/magyarutca.org\/wordpress\/wp-json\/wp\/v2\/comments?post=2327"}],"version-history":[{"count":4,"href":"https:\/\/magyarutca.org\/wordpress\/wp-json\/wp\/v2\/posts\/2327\/revisions"}],"predecessor-version":[{"id":2525,"href":"https:\/\/magyarutca.org\/wordpress\/wp-json\/wp\/v2\/posts\/2327\/revisions\/2525"}],"wp:attachment":[{"href":"https:\/\/magyarutca.org\/wordpress\/wp-json\/wp\/v2\/media?parent=2327"}],"wp:term":[{"taxonomy":"category","embeddable":true,"href":"https:\/\/magyarutca.org\/wordpress\/wp-json\/wp\/v2\/categories?post=2327"},{"taxonomy":"post_tag","embeddable":true,"href":"https:\/\/magyarutca.org\/wordpress\/wp-json\/wp\/v2\/tags?post=2327"}],"curies":[{"name":"wp","href":"https:\/\/api.w.org\/{rel}","templated":true}]}}