{"id":2459,"date":"2025-03-26T22:21:30","date_gmt":"2025-03-26T22:21:30","guid":{"rendered":"https:\/\/magyarutca.org\/wordpress\/?p=2459"},"modified":"2025-03-26T22:33:45","modified_gmt":"2025-03-26T22:33:45","slug":"2024-03-26_fme-kozgyules-jegyzokonyve","status":"publish","type":"post","link":"https:\/\/magyarutca.org\/wordpress\/blog\/2024-03-26_fme-kozgyules-jegyzokonyve\/","title":{"rendered":"2024.03.26_FME k\u00f6zgy\u0171l\u00e9s\u00e9nek jegyz\u0151k\u00f6nyve"},"content":{"rendered":"\n<p><strong>JEGYZ\u0150K\u00d6NYV<\/strong><\/p>\n\n\n\n<p>A Finnorsz\u00e1gi Magyarok Egyes\u00fclet\u00e9nek  2024. \u00e9vi k\u00f6zgy\u0171l\u00e9s\u00e9r\u0151l   (27. \u00e9ves k\u00f6zgy\u0171l\u00e9s) <\/p>\n\n\n\n<p><strong>Id\u0151pont<\/strong>:&nbsp;&nbsp;&nbsp;&nbsp;&nbsp;&nbsp;&nbsp;&nbsp;&nbsp;&nbsp;&nbsp;&nbsp;&nbsp;&nbsp;&nbsp;&nbsp;&nbsp;&nbsp;&nbsp;&nbsp;&nbsp;&nbsp;&nbsp;&nbsp;&nbsp;&nbsp;&nbsp;&nbsp; 2024. m\u00e1rcius 16. 14:00 \u00f3rai kezdettel<\/p>\n\n\n\n<p><strong>Helysz\u00edn<\/strong>:\u00a0\u00a0\u00a0\u00a0\u00a0\u00a0\u00a0\u00a0\u00a0\u00a0\u00a0\u00a0\u00a0\u00a0\u00a0\u00a0\u00a0\u00a0\u00a0 Magyar Kultur\u00e1lis \u00e9s Tudom\u00e1nyos K\u00f6zpont (Liszt Int\u00e9zet) Kaisaniemenkatu 10, 00100 Helsinki <\/p>\n\n\n\n<p><strong>Jelenlev\u0151 FME tagok sz\u00e1ma<\/strong>:\u00a0\u00a0 24\u00a0 f\u0151<\/p>\n\n\n\n<p><strong>Jelenlev\u0151 megh\u00edvottak\/vend\u00e9gek\/tiszteletbeli tagok sz\u00e1ma: \u00a0 \u00a0 2\u00a0 <\/strong>\u00a0f\u0151<\/p>\n\n\n\n<p>Szavaz\u00e1sra meghatalmaz\u00e1st adott:\u00a0\u00a08 f\u0151\u00a0\u00a0<\/p>\n\n\n\n<p>(a jelenl\u00e9ti \u00edv \u00e9s a meghatalmaz\u00e1sok a jegyz\u0151k\u00f6nyv mell\u00e9kletk\u00e9nt csatolva)<\/p>\n\n\n\n<p><strong>Napirendi pontok:&nbsp;&nbsp;<\/strong><\/p>\n\n\n\n<ol class=\"wp-block-list\">\n<li>A k\u00f6zgy\u0171l\u00e9s megnyit\u00e1sa<\/li>\n<\/ol>\n\n\n\n<p>1a. S\u00e1rk\u00f6zi Helga: r\u00f6vid bemutatkoz\u00e1s &gt; k\u00f6sz\u00f6nt\u0151 &gt; tiszteletbeli tags\u00e1g &gt; d\u00edszoklev\u00e9l \u00e1tad\u00e1sa<br>2. A k\u00f6zgy\u0171l\u00e9s eln\u00f6k\u00e9nek, titk\u00e1r\u00e1nak, jegyz\u0151k\u00f6nyvi ellen\u0151r\u00e9nek \u00e9s szavazatsz\u00e1ml\u00e1l\u00f3j\u00e1nak megv\u00e1laszt\u00e1sa<br>3. A k\u00f6zgy\u0171l\u00e9s szab\u00e1lyszer\u0171s\u00e9g\u00e9nek \u00e9s hat\u00e1rozatk\u00e9pess\u00e9g\u00e9nek meg\u00e1llap\u00edt\u00e1sa<br>4. A napirend j\u00f3v\u00e1hagy\u00e1sa<br>5. A k\u00f6lts\u00e9gvet\u00e9s, p\u00e9nz\u00fcgyi besz\u00e1mol\u00f3 \u00e9s a p\u00e9nz\u00fcgyi ellen\u0151r\u00f6k jelent\u00e9seinek megt\u00e1rgyal\u00e1sa. Az \u00e9ves tev\u00e9kenys\u00e9g \u00e9rt\u00e9kel\u00e9se<br>6. Felel\u0151ss\u00e9g-felment\u00e9si d\u00f6nt\u00e9sek<br>7. A t\u00e1rgy\u00e9vi m\u0171k\u00f6d\u00e9si terv j\u00f3v\u00e1hagy\u00e1sa. A k\u00f6lts\u00e9gvet\u00e9si \u00e9s kiad\u00e1si tervezet, valamint a tags\u00e1gi d\u00edjak meg\u00e1llap\u00edt\u00e1sa<br>8. K\u00e9t\u00e9vente az \u00faj vezet\u0151s\u00e9gi tagok \u00e9s p\u00f3ttagok megv\u00e1laszt\u00e1sa, valamint \u00e9vente a meg\u00fcresed\u0151 vezet\u0151s\u00e9gi teend\u0151kbe \u00faj tagok \u00e9s p\u00f3ttagok megv\u00e1laszt\u00e1sa<br>9. Egy k\u00f6lts\u00e9gvet\u00e9si ellen\u0151r \u00e9s egy p\u00f3tellen\u0151r megv\u00e1laszt\u00e1sa<br>10. P\u00e1rtol\u00f3tagok \u00e9s tiszteletbeli tagok j\u00f3v\u00e1hagy\u00e1sa<br>11.A tagok \u00e1ltal javasolt m\u00e1s napirendi pontok \u00e9s egy\u00e9b \u00fcgyek megt\u00e1rgyal\u00e1sa.<br>12. A k\u00f6zgy\u0171l\u00e9s bez\u00e1r\u00e1sa<\/p>\n\n\n\n<p>Megjegyz\u00e9s: a napirendi pontok csak az \u00fcl\u00e9sen lettek megh\u00edrdetve vet\u00edt\u00e9ssel a 3. napirendi pontt\u00f3l.<\/p>\n\n\n\n<ol start=\"1\" class=\"wp-block-list\">\n<li><strong>A k\u00f6zgy\u0171l\u00e9s megnyit\u00e1sa<\/strong>&nbsp;<\/li>\n<\/ol>\n\n\n\n<p>A k\u00f6zgy\u0171l\u00e9s 14.10-kor vette kezdet\u00e9t az FME eln\u00f6k\u00e9nek Nagy G\u00e1bornak a megnyit\u00f3j\u00e1val. Majd Nagy G\u00e1bor felk\u00e9rte S\u00e1rk\u00f6zi Helg\u00e1t a r\u00f6vid bemutatkoz\u00e1s\u00e1ra, k\u00f6sz\u00f6nt\u0151j\u00e9re.<\/p>\n\n\n\n<p><strong>1a.<\/strong><strong> &nbsp;S\u00e1rk\u00f6zi Helga: r\u00f6vid bemutatkoz\u00e1s &gt; k\u00f6sz\u00f6nt\u0151 &gt; tiszteletbeli tags\u00e1g &gt; d\u00edszoklev\u00e9l \u00e1tad\u00e1sa<\/strong><br>S\u00e1rk\u00f6zi Helga tiszteletbeli tagg\u00e1 fogad\u00e1sa, melyet tisztelettel elfogadott.<\/p>\n\n\n\n<ul class=\"wp-block-list\">\n<li><strong>A k\u00f6zgy\u0171l\u00e9s eln\u00f6k\u00e9nek, titk\u00e1r\u00e1nak, jegyz\u0151k\u00f6nyvi ellen\u0151r\u00e9nek \u00e9s szavazatsz\u00e1ml\u00e1l\u00f3j\u00e1nak megv\u00e1laszt\u00e1sa<\/strong><\/li>\n<\/ul>\n\n\n\n<p>Nagy G\u00e1bor G\u00e1lfi Istv\u00e1nt javasolta a k\u00f6zgy\u0171l\u00e9s levezet\u0151 eln\u00f6k\u00e9nek, dr. Berta Esztert titk\u00e1rnak,&nbsp;M\u00e1k Istv\u00e1nt \u00e9s Kismarton Marcellt jegyz\u0151k\u00f6nyv ellen\u0151r\u00f6knek.&nbsp; Szavazatsz\u00e1ml\u00e1l\u00f3nak Imre Andort javasolta.  A javaslat ellenszavazat n\u00e9lk\u00fcl ker\u00fclt elfogad\u00e1sra.<\/p>\n\n\n\n<p>Nagy G\u00e1bor elmondja, hogy a megv\u00e1ltozott finn egyes\u00fcleti t\u00f6rv\u00e9nynek megfelel\u0151en kisebb  egyes\u00fc-letekben nem p\u00e9nz\u00fcgyi ellen\u0151rt kell v\u00e1lasztani, hanem m\u0171k\u00f6d\u00e9si ellen\u0151rt \u00e9s egy p\u00f3tellen\u0151rt. Ezut\u00e1n bemutatja a m\u0171k\u00f6d\u00e9si ellen\u0151r \u00e9s p\u00f3tellen\u0151r teend\u0151it, amiket k\u00e9s\u0151bb a m\u0171k\u00f6d\u00e9si szab\u00e1lyzatban is r\u00f6gz\u00edtve lesznek.   G\u00e1lfi Istv\u00e1n r\u00f6vid besz\u00e9det tartott.<\/p>\n\n\n\n<p>Nagy G\u00e1bor pontos\u00edtotta a szavaz\u00e1s menet\u00e9t miszerint a szavazattal megb\u00edzott tagok \u00edrott felhatalmaz\u00e1st mutattak be a k\u00f6zgy\u0171l\u00e9s kezdete el\u0151tt.<\/p>\n\n\n\n<ul class=\"wp-block-list\">\n<li><strong>A k\u00f6zgy\u0171l\u00e9s szab\u00e1lyszer\u0171s\u00e9g\u00e9nek \u00e9s hat\u00e1rozatk\u00e9pess\u00e9g\u00e9nek meg\u00e1llap\u00edt\u00e1sa<\/strong>.&nbsp;<\/li>\n<\/ul>\n\n\n\n<p>A levezet\u0151 eln\u00f6k meg\u00e1llap\u00edtotta, hogy a k\u00f6zgy\u0171l\u00e9s az FME alapszab\u00e1lya valamint a finn egyes\u00fcleti t\u00f6rv\u00e9nynek megfelel\u0151en t\u00f6rv\u00e9nyes \u00e9s hat\u00e1rozatk\u00e9pes, \u00e9s a tags\u00e1g t\u00f6bb, mint 10 %-a jelen van.<\/p>\n\n\n\n<ul class=\"wp-block-list\">\n<li><strong>A napirend j\u00f3v\u00e1hagy\u00e1sa<\/strong>.<\/li>\n<\/ul>\n\n\n\n<p>A napirendet a k\u00f6zgy\u0171l\u00e9s j\u00f3v\u00e1hagyta.<br><br><\/p>\n\n\n\n<ul class=\"wp-block-list\">\n<li><strong>A k\u00f6lts\u00e9gvet\u00e9s, p\u00e9nz\u00fcgyi besz\u00e1mol\u00f3 \u00e9s a p\u00e9nz\u00fcgyi ellen\u0151r\u00f6k jelent\u00e9seinek megt\u00e1rgyal\u00e1sa. Eln\u00f6ki besz\u00e1mol\u00f3. Az \u00e9ves tev\u00e9kenys\u00e9g \u00e9rt\u00e9kel\u00e9se.&nbsp;<\/strong><\/li>\n<\/ul>\n\n\n\n<p>G\u00e1lfi Istv\u00e1n levezet\u0151eln\u00f6k felk\u00e9ri a p\u00e9nz\u00fcgyi besz\u00e1mol\u00f3k megtart\u00e1s\u00e1ra H\u00f3di B\u00e9l\u00e1t. Aki jelezte, hogy a k\u00f6nyvel\u00e9st az ellen\u0151r\u00f6k j\u00f3v\u00e1hagyt\u00e1k. A p\u00e9nz\u00fcgyi ellen\u0151r\u00f6k kelent\u00e9s\u00e9t Juhos Botond p\u00e9nz\u00fcgyellen\u0151r felolvassa.<\/p>\n\n\n\n<p>Ezut\u00e1n H\u00f3di B\u00e9la folytatja a besz\u00e1mol\u00f3 bemutat\u00e1s\u00e1t.  H\u00f3di B\u00e9la k\u00fcl\u00f6n megk\u00e9rt mindenkit, hogy befizet\u00e9sekkor a referenciasz\u00e1mot haszn\u00e1lj\u00e1k a tagok.<\/p>\n\n\n\n<p>S\u00edpos S\u00e1ndor k\u00e9rd\u00e9se, hogy milyen marketing tev\u00e9kenys\u00e9gei voltak az Egyes\u00fcletnek? Nagy G\u00e1bor megmutatja a k\u00f6nyvel\u00e9sben a pontos marketing kiad\u00e1sokat.<\/p>\n\n\n\n<p>Imre Andor k\u00e9rd\u00e9se, hogy a referenciasz\u00e1mokkal kapcsolatosan az utal\u00e1s\u00e1n\u00e1l akad\u00e1lyba futott bele, mert a bank vagy a nev\u00e9t vagy a ref sz\u00e1mot fogadja el. Nagy G\u00e1bor megv\u00e1laszolja, hogy tagd\u00edjbefizet\u00e9sn\u00e9l sokkal fontosabb az \u00fczenet mez\u0151be a nevet be\u00edrni.<\/p>\n\n\n\n<p>Nagy G\u00e1bor az FME lek\u00f6sz\u00f6n\u0151 eln\u00f6ke megtartja az eln\u00f6ki besz\u00e1mol\u00f3j\u00e1t. Sikeresnek titul\u00e1lta a meghirdetett a 2023-as rendezv\u00e9nyeket \u00e9s a KCSP \u00f6szt\u00f6nd\u00edjas munk\u00e1j\u00e1t. A magyar nyelvoktat\u00e1st, a Maunulai t\u00e1nch\u00e1zat \u00e9s a 2023 okt\u00f3ber\u00e9ben megalakult citerazenekart is dics\u00e9rte. Sajn\u00e1lat\u00e1t eml\u00edtette, hogy a volt citeratan\u00e1r nem akarja folytatni az oktat\u00e1st, ennek ellen\u00e9re a citerazenekar hetente \u00f6ssze\u00fcl. S\u00edpos Enik\u0151 \u00e9s S\u00edpos S\u00e1ndor j\u00f3volt\u00e1b\u00f3l m\u0171k\u00f6dik a sakk- \u00e9s t\u00e1rsasj\u00e1t\u00e9k est is t\u00f6retlen\u00fcl. Ezek a rendezv\u00e9nyek \u00f6ntev\u00e9keny rendezv\u00e9nyek, ez kellene legyen az alapja az FME m\u0171k\u00f6d\u00e9s\u00e9nek Nagy G\u00e1bor szerint. M\u00e9ltatta a Guly\u00e1s Grand Prix esem\u00e9nyt is, ahol nem dr\u00e1ga p\u00e9nz\u00e9rt h\u00edvunk szak\u00e1csokat hanem az FME tagjai maguknak f\u0151znek mik\u00f6zben j\u00f3l sz\u00f3rakoznak is.<\/p>\n\n\n\n<p>S\u00edpos S\u00e1ndor hozz\u00e1teszi, hogy kellene hal\u00e1szl\u00e9f\u0151z\u0151 verseny is a GGP mell\u00e9.<\/p>\n\n\n\n<p>Nagy G\u00e1bor megk\u00f6sz\u00f6nte Imre Andornak a tagok emailc\u00edmeinek kezel\u00e9s\u00e9t \u00e9s a jelentkez\u0151 fel\u00fcletek elk\u00e9sz\u00edt\u00e9s\u00e9t.  A jelenlegi csal\u00e1di nyilv\u00e1ntart\u00e1s egy\u00e9ni nyilv\u00e1ntart\u00e1sba val\u00f3 \u00e1tszervez\u00e9sre D\u00e1vid Istv\u00e1nnal k\u00f6t szerz\u0151d\u00e9st az Egyes\u00fclet.<\/p>\n\n\n\n<p>Nagy G\u00e1bor \u00fcdv\u00f6z\u00f6lte a tamperei k\u00f6z\u00f6ss\u00e9g jelenl\u00e9v\u0151 l\u00e9pvisel\u0151j\u00e9t Kalm\u00e1r Zsuzs\u00e1t, kiemelve, hogy a tamperei k\u00f6z\u00f6ss\u00e9gen k\u00edv\u00fcl a turkui k\u00f6z\u00f6ss\u00e9ggel is felvett\u00fck a kapcsolatot.<\/p>\n\n\n\n<p>\u201eHol vannak a fiatalok k\u00e9rd\u00e9sre?\u201d ad v\u00e1laszt Nagy G\u00e1bor. Az FME-n bel\u00fcl indult de most k\u00fcl\u00f6n egyes\u00fclet folytatja a gyermekfoglalkoz\u00e1sokat. Megjegyzi, hogy fiatalokat elv\u00e9tve l\u00e1t csak a magyar rendezv\u00e9nyeken. Ez nem csak Finnorsz\u00e1gban gond, hanem m\u00e1shol is. P\u00e9ld\u00e1nak felhozza, hogy a<\/p>\n\n\n\n<p>A NYEOMSZ 2022 m\u00e1jus\u00e1ban nem kis munk\u00e1val \u00e9s anyagi r\u00e1ford\u00edt\u00e1ssal megteremtette a felt\u00e9teleit egy Eur\u00f3pai Magyar Ifj\u00fas\u00e1gi Szervezet l\u00e9trehoz\u00e1s\u00e1nak. Az elk\u00e9pzel\u00e9s egyik alapvet\u0151 eleme volt, hogy a feln\u0151ttek ne sz\u00f3ljanak bele, hogy mit \u00e9s hogyan csin\u00e1lnak a fiatalok. Finnorsz\u00e1gb\u00f3l is volt ott 2 k\u00fcld\u00f6tt. A szervezet neve \u201eEMI\u201d lett, azonban sajnos nem m\u0171k\u00f6dik.  Ezt az\u00e9rt tette hozz\u00e1 Nagy G\u00e1bor, hogy ne az FME-\u00e9n k\u00e9rj\u00e9k sz\u00e1mon, hogy hol vannak a fiatalok.  Akiket \u00fagy neveltek azok elj\u00e1rnak a magyar rendezv\u00e9nyekre, a t\u00f6bbs\u00e9g azonban nem.<\/p>\n\n\n\n<p>Az FME nem foglalkozik p\u00e1rtpolitikai \u00e9s vall\u00e1si k\u00e9rd\u00e9sekkel, de a t\u00e1rsadalmi k\u00f6rnyezett\u0151l nem tud elszigetel\u0151dni, a fiatalok korai nevel\u00e9s\u00e9be pedig sajnos nincs belesz\u00f3l\u00e1sunk &#8211; tette hozz\u00e1 Nagy G\u00e1bor, majd folytatta: ami azonban a nemzetpolitik\u00e1t illeti: egy r\u00e9gebbi k\u00f6zgy\u0171l\u00e9s d\u00f6nt\u00e9se szerint az FME nem csak \u00e1ll\u00e1st foglalhat, hanem \u00e1ll\u00e1st is kell foglaljon nemzetpolitikai k\u00e9rd\u00e9sekben.<\/p>\n\n\n\n<p>Nagy G\u00e1bor jelzi, hogy egyre fogyatkozik a vezet\u0151s\u00e9g l\u00e9tsz\u00e1ma, sz\u00fcks\u00e9g lesz t\u00f6bb seg\u00edts\u00e9gre. Ha ilyen nem lesz, az a tev\u00e9kenys\u00e9gek cs\u00f6kken\u00e9s\u00e9t eredm\u00e9nyezheti.  V\u00e9g\u00fcl a lek\u00f6sz\u00f6n\u0151 eln\u00f6k megk\u00f6sz\u00f6ni a vezet\u0151s\u00e9g tagjainak a 2 \u00e9ves munk\u00e1j\u00e1t \u00e9s a tagok k\u00f6zrem\u0171k\u00f6d\u00e9s\u00e9t is.<\/p>\n\n\n\n<p>G\u00e1lfi Istv\u00e1n hozz\u00e1teszi, hogy vissza lett hozva a h\u00fasv\u00e9ti locsol\u00e1si rendezv\u00e9ny. Id\u00e9n harmadszor lesz majd. Illetve Ny\u00e1rk\u00f6sz\u00f6nt\u0151 rendezv\u00e9ny is lesz majd j\u00fanius 8-\u00e1n. Hozz\u00e1teszi, hogy a Katalin-b\u00e1l az elm\u00falt 2 \u00e9vben megrendez\u00e9sre ker\u00fclt.<\/p>\n\n\n\n<p>Luk\u00e1csfy Krist\u00f3f megk\u00f6sz\u00f6nte a lek\u00f6sz\u00f6n\u0151 eln\u00f6knek a besz\u00e1mol\u00f3t \u00e9s \u0151 is r\u00e1vil\u00e1g\u00edtott&nbsp; a gyermekek \u00e9s a fiatalok fontoss\u00e1g\u00e1nak k\u00e9rd\u00e9s\u00e9re. Hozz\u00e1teszi, hogy a gyermekeknek meg kellene most is kapniuk azt, amit anno \u00e9s akkor j\u00e1rn\u00e1nak az FME rendezv\u00e9nyeire.<\/p>\n\n\n\n<p>Sundberg Zsuzsanna hozz\u00e1sz\u00f3lt egy eml\u00e9kkel.  Kismartoni Marcell hozz\u00e1sz\u00f3l, hogy a tin\u00e9dzsereknek \u00e9lm\u00e9ny kell, k\u00f6z\u00f6ss\u00e9gi \u00e9lm\u00e9nyeket javasol. A t\u00e9ma folytat\u00e1s\u00e1t k\u00e9ri majd. Kalm\u00e1r Zsuzsanna hozz\u00e1sz\u00f3l, hogy a tamperei j\u00e1tsz\u00f3h\u00e1zba j\u00e1rnak sokan. \u00d6r\u00fclne, ha meg lenn\u00e9nek szervezve hasonl\u00f3 programok. (locsolkod\u00e1s, farsang).<\/p>\n\n\n\n<p>Juhos Botond javasolja, hogy legyen k\u00f6zgy\u0171l\u00e9s Tamper\u00e9ben.<br><br><\/p>\n\n\n\n<ul class=\"wp-block-list\">\n<li>&nbsp;<strong>Felel\u0151ss\u00e9g-felment\u00e9si d\u00f6nt\u00e9sek.&nbsp;<\/strong><\/li>\n<\/ul>\n\n\n\n<p>A volt vezet\u0151s\u00e9get a k\u00f6zgy\u0171l\u00e9s egyhang\u00falag felmenti a felel\u0151ss\u00e9g al\u00f3l.<\/p>\n\n\n\n<ul class=\"wp-block-list\">\n<li><strong>A t\u00e1rgy\u00e9vi m\u0171k\u00f6d\u00e9si terv j\u00f3v\u00e1hagy\u00e1sa. A k\u00f6lts\u00e9gvet\u00e9si \u00e9s kiad\u00e1si tervezet, valamint a tags\u00e1gi d\u00edjak meg\u00e1llap\u00edt\u00e1sa<\/strong><br><br>G\u00e1lfi Istv\u00e1n felk\u00e9ri Nagy G\u00e1bort a tervezet bemutat\u00e1s\u00e1ra.<\/li>\n<\/ul>\n\n\n\n<p>A bemutat\u00f3val kapcsolatos felsz\u00f3lal\u00e1sokban elhangzik Fodor Gabriella k\u00e9rd\u00e9se, hogy az alapszab\u00e1lyban &nbsp;\u201emag\u00e1t magyarnak tart\u00f3 szem\u00e9ly defin\u00edci\u00f3ja mi?  Luk\u00e1csfy Krist\u00f3f hozz\u00e1sz\u00f3l, hogy r\u00e9gebben is sok akad\u00e1lyba futottak az alapszab\u00e1ly m\u00f3dos\u00edt\u00e1sokban. A mostani alapszab\u00e1llyal kell dolgozni. <\/p>\n\n\n\n<p>Juhos Botond k\u00e9rdezi, hogy van-e als\u00f3 korhat\u00e1ra a tags\u00e1gnak? Nagy G\u00e1bor v\u00e1laszolt r\u00e1, hogy nincs, de kijav\u00edtja mag\u00e1t, hogy minden 15. \u00e9let\u00e9v\u00e9t bet\u00f6lt\u00f6tt szem\u00e9ly lehet FME tag \u00e9s szavazati joggal is rendelkezik.<\/p>\n\n\n\n<p>Bemutat\u00e1sra ker\u00fcl ezek ut\u00e1n, hogy a tags\u00e1gi st\u00e1tuszban milyen v\u00e1ltoz\u00e1sok k\u00f6vetkeznek.   A csal\u00e1di helyzetet ezent\u00fal is figyelembe vessz\u00fck, a tagd\u00edj \u00fagy v\u00e1ltozik, hogy egy csal\u00e1db\u00f3l valaki 25 eur\u00f3 \u00e9ves tagd\u00edjat fizet, a csal\u00e1d t\u00f6bbi tagja pedig fejenk\u00e9nt 5 eur\u00f3t. A vid\u00e9kiek: az els\u00f6 tagd\u00edj a csal\u00e1db\u00f3l 20 eur\u00f3, a t\u00f6bbiek 3 eur\u00f3 tagonk\u00e9nt. &nbsp;\u00cdgy ah\u00e1nyan befizettek, annyi egy\u00e9ni tags\u00e1g lesz. Minden tag szavazati joggal rendelkezik valamint jogosult a bel\u00e9p\u0151d\u00edjas rendezv\u00e9nyek kedvezm\u00e9nyeire is.<\/p>\n\n\n\n<p>Ezen fel\u00fcl:  Minden 10-15 \u00e9ves gyermek jogosult az egyes\u00fclet kedvezm\u00e9nyeire att\u00f3l f\u00fcggetlen\u00fcl, hogy a csal\u00e1dban van-e FME tag vagy nincs.<\/p>\n\n\n\n<p>Juhos Botond k\u00e9rd\u00e9se: egy 15 \u00e9ves gyerek az FME programon mennyi kedvezm\u00e9nyt kap? Nagy G\u00e1bor v\u00e1laszol: a bel\u00e9p\u0151k \u00e1ra rendezv\u00e9nyenk\u00e9nt v\u00e1ltozik, \u00edgy a kedvezm\u00e9nyek is. Minden program \u00e9rtes\u00edt\u0151j\u00e9ben ezek fel voltak \u00e9s fel lesznek t\u00fcntetve. M\u00e1k Istv\u00e1n megjegyz\u00e9se, hogy az alapszab\u00e1lyban duplik\u00e1ci\u00f3 van, azt ki kellene venni. H\u00f3di B\u00e9la hozz\u00e1sz\u00f3lt kieg\u00e9sz\u00edt\u00e9sk\u00e9nt.<\/p>\n\n\n\n<p>S\u00edpos Enik\u0151 k\u00e9rd\u00e9se, hogy aki m\u00e9g nem volt FME tag, annak mikort\u00f3l \u00e9rv\u00e9nyes a tags\u00e1ga?  Nagy G\u00e1bor v\u00e1laszol, hogy a tagd\u00edj befizet\u00e9s\u00e9nek pillanat\u00e1t\u00f3l.<\/p>\n\n\n\n<p>Sundberg Zsuzsanna felvet\u00e9se, hogy a \u201eminden mag\u00e1t magyarnak \u00e9rz\u0151 szem\u00e9ly\u201d kifejez\u00e9s az alapszab\u00e1lyban nem megfelel\u0151 \u00e9s ezt meg kellene v\u00e1ltoztatni.<\/p>\n\n\n\n<p>S\u00edpos S\u00e1ndor javasolja, hogy a magyar kult\u00far\u00e1val azonosul\u00f3, annak \u00e9rt\u00e9keit oszt\u00f3, az egyes\u00fclet alapszab\u00e1ly\u00e1t elfogad\u00f3 szem\u00e9ly legyen. Kismartoni Marcell \u00e9s Juhos Botond kieg\u00e9sz\u00edtette. V\u00e1lasz: A vezet\u0151s\u00e9g dolgozza ki az \u00faj sz\u00f6veget, amit az FME e-mail list\u00e1n szavaz\u00e1sra k\u00f6zz\u00e9tesz, miel\u0151tt beker\u00fcl a PRH-hoz j\u00f3v\u00e1hagy\u00e1sra.<\/p>\n\n\n\n<p>Kismartoni Marcell k\u00e9rd\u00e9se: az egyes\u00fcleti tagd\u00edj befizet\u00e9s\u00e9re j\u00f6n-e eml\u00e9keztet\u0151? Nagy G\u00e1bor v\u00e1laszol: igen, lesz, minden \u00e9v elej\u00e9n m\u00e9g j\u00f3val a farsang el\u00f6tt sz\u00e9t lesz k\u00fcldve egy online bejelentkez\u0151 fel\u00fclet, amelynek kit\u00f6lt\u00e9se ut\u00e1n leszlehets\u00e9ges a tagd\u00edj befizet\u00e9se. A k\u00f6zgy\u0171l\u00e9s egyhang\u00fa szavaz\u00e1ssal elfogadta a m\u00f3dos\u00edtott alapszab\u00e1lyt.<\/p>\n\n\n\n<p>A t\u00e1rgy\u00e9vi m\u0171k\u00f6d\u00e9si tervet Nagy G\u00e1bor bemutatja. Hozz\u00e1teszi, hogy a rendezv\u00e9nyek k\u00f6z\u00f6tt vannak olyanok is, amiket el lehet vinni Tamper\u00e9be is. A K\u00f6zgy\u0171l\u00e9s egyhang\u00faan elfogadta a t\u00e1rgy\u00e9vi m\u0171k\u00f6d\u00e9si tervet.<\/p>\n\n\n\n<ul class=\"wp-block-list\">\n<li><strong>K\u00e9t\u00e9vente az \u00faj vezet\u0151s\u00e9gi tagok \u00e9s p\u00f3ttagok megv\u00e1laszt\u00e1sa, valamint \u00e9vente a meg\u00fcresed\u0151 vezet\u0151s\u00e9gi teend\u0151kbe \u00faj tagok \u00e9s<\/strong> <strong>p\u00f3ttagok megv\u00e1laszt\u00e1sa<\/strong>.&nbsp;&nbsp;<\/li>\n<\/ul>\n\n\n\n<p>Nagy G\u00e1bor javasolja K\u00e1d\u00e1r Ildik\u00f3t aleln\u00f6knek, aki \u00edr\u00e1sbeli nyilatkozatot adott, hogy &nbsp;t\u00e1voll\u00e9t\u00e9ben is elv\u00e1llalja ezt a tiszts\u00e9get.  P\u00e9nz\u00fcgyesnek H\u00f3di B\u00e9l\u00e1t, vezet\u0151s\u00e9gi tagnak Heiler Istv\u00e1nt. G\u00e1lfi Istv\u00e1nt szervez\u0151nek javasolja. Titk\u00e1rnak Imre Andort, mint k\u00fcls\u0151s tagot javasolja.  M\u0171k\u00f6d\u00e9si fel\u00fcgyel\u0151nek javasolja Koivuvuo Ildik\u00f3t, helyettes\u00e9nek Fodor Gabriell\u00e1t. Luk\u00e1csfy Krist\u00f3f&nbsp; &nbsp;Nagy G\u00e1bort javasolja eln\u00f6knek. Vezet\u0151s\u00e9gi p\u00f3ttagnak G\u00e1lfi Istv\u00e1n javasolja V\u00e1szi Istv\u00e1nt. V\u00e1szi Istv\u00e1n nem v\u00e1llalja. S\u00edpos Enik\u0151 javasolja, hogy k\u00e9rdezz\u00fck ink\u00e1bb, hogy ki akar lenni vezet\u0151s\u00e9gi tag, ne javasoljunk. Erre nincsenek jelentkez\u00f6k.  V\u00e1szi Istv\u00e1n javasolja S\u00edpos S\u00e1ndort, aki nem v\u00e1llalja.  <\/p>\n\n\n\n<p>Nagy G\u00e1bort az FME eln\u00f6ki tiszts\u00e9gre a k\u00f6zgy\u0171l\u00e9s egy ellenszavazattal megv\u00e1lasztotta.  A vezet\u0151s\u00e9g t\u00f6bbi tagjait a k\u00f6zgy\u0171l\u00e9s egyhang\u00faan megszavazta. M\u0171k\u00f6d\u00e9si ellen\u0151rnek Koivuvuo Ildik\u00f3t, helyettes\u00e9nek Fodor Gabriell\u00e1t v\u00e1lasztott\u00e1k meg.  <\/p>\n\n\n\n<ul class=\"wp-block-list\">\n<li><strong>K\u00e9t k\u00f6lts\u00e9gvet\u00e9si ellen\u0151r \u00e9s egy p\u00f3tellen\u0151r<\/strong> <strong>v\u00e1laszt\u00e1sa&nbsp;<\/strong><\/li>\n<\/ul>\n\n\n\n<p>&nbsp;Az el\u0151z\u0151 pontban megt\u00f6rt\u00e9nt.<\/p>\n\n\n\n<ol class=\"wp-block-list\">\n<li><strong>P\u00e1rtol\u00f3tagok \u00e9s tiszteletbeli tagok j\u00f3v\u00e1hagy\u00e1sa<\/strong> <\/li>\n<\/ol>\n\n\n\n<p><br>G\u00e1lfi Istv\u00e1n tiszteletbeli tagnak javasolja Heiler Istv\u00e1nt, aki rengeteget seg\u00edtett az FME sikereinek \u00e9rdek\u00e9ben- Nagy G\u00e1bor is m\u00e9ltatja Heiler Istv\u00e1nt. H\u00f3di B\u00e9la hozz\u00e1sz\u00f3l, hogy egy\u00fctt csin\u00e1lj\u00e1k a k\u00f6nyvel\u00e9st.<\/p>\n\n\n\n<p>A k\u00f6zgy\u0171l\u00e9s megszavazta tiszteletbeli tagnak Heiler Istv\u00e1nt.<\/p>\n\n\n\n<ol class=\"wp-block-list\">\n<li><strong>A tagok \u00e1ltal javasolt m\u00e1s napirendi pontok \u00e9s egy\u00e9b \u00fcgyek megt\u00e1rgyal\u00e1sa.&nbsp;<\/strong><\/li>\n<\/ol>\n\n\n\n<p>S\u00edpos S\u00e1ndor javasolja, hogy legyen hal\u00e1szl\u00e9 verseny is a GGP-vel p\u00e1rhuzamosan. Kismarton Marcell hozz\u00e1teszi, hogy lehetne ezt a hal\u00e1szl\u00e9 versenyt m\u00e9g speci\u00e1lisabb\u00e1 is kalakeitto f\u0151z\u0151versennyel. V\u00e1szi Istv\u00e1n, S\u00edpos S\u00e1ndor \u00edg\u00e9rik, hogy beseg\u00edtenek a szervez\u00e9sben.   G\u00e1lfi Istv\u00e1n eml\u00e9keztet mindenkit, hogy \u00e1prilis 6 vagy 7-\u00e9n lesz ITINERA zenekarnak koncertje lesz Maunul\u00e1ban.<\/p>\n\n\n\n<p>Nagy G\u00e1bor k\u00e9rd\u00e9se Kalm\u00e1r Zsuzsanna fel\u00e9: mint tamperei k\u00f6z\u00f6ss\u00e9gi k\u00e9pvisel\u0151, v\u00e1llalja-e hogy  vezet\u0151s\u00e9gi tag legyen? V\u00e1llalja \u00e9s ezt a k\u00f6zgy\u0171l\u00e9s egyhang\u00falag elfogadja.<\/p>\n\n\n\n<ol class=\"wp-block-list\">\n<li><strong>A k\u00f6zgy\u0171l\u00e9s bez\u00e1r\u00e1sa.<\/strong>&nbsp;<\/li>\n<\/ol>\n\n\n\n<p>G\u00e1lfi Istv\u00e1n 16.02-kor berekesztette a k\u00f6zgy\u0171l\u00e9st \u00e9s megk\u00f6sz\u00f6nte mindenkinek a r\u00e9szv\u00e9telt.<\/p>\n\n\n\n<p>A k\u00f6zgy\u0171l\u00e9s ut\u00e1n kellemes hangulat\u00fa \u00e1ll\u00f3fogad\u00e1s k\u00f6vetkezett.<\/p>\n\n\n\n<p>___________________ &nbsp; &nbsp; &nbsp; &nbsp; &nbsp; &nbsp; &nbsp; &nbsp; ________________&nbsp; &nbsp; &nbsp; &nbsp; &nbsp; &nbsp; &nbsp; &nbsp; &nbsp; &nbsp; &nbsp; &nbsp; &nbsp; &nbsp; ________________&nbsp;&nbsp;&nbsp;&nbsp;&nbsp;&nbsp;&nbsp;&nbsp;&nbsp;&nbsp;&nbsp;&nbsp;&nbsp;&nbsp;<\/p>\n\n\n\n<p>Jegyz\u0151k\u00f6nyvvezet\u0151&nbsp;&nbsp;&nbsp;&nbsp;&nbsp;&nbsp;&nbsp;&nbsp;&nbsp;&nbsp;&nbsp; &nbsp; &nbsp; &nbsp; &nbsp; &nbsp; &nbsp; &nbsp; &nbsp; &nbsp; Jegyz\u0151k\u00f6nyv ellen\u0151r &nbsp; &nbsp; &nbsp; &nbsp; &nbsp; &nbsp; &nbsp; &nbsp; &nbsp; &nbsp; &nbsp; &nbsp; &nbsp; Jegyz\u0151k\u00f6nyv ellen\u0151r&nbsp;&nbsp;&nbsp;&nbsp;&nbsp;&nbsp;&nbsp;&nbsp;&nbsp;&nbsp;&nbsp;&nbsp;&nbsp;&nbsp;&nbsp;&nbsp;&nbsp;&nbsp;&nbsp;&nbsp;&nbsp;&nbsp;&nbsp;&nbsp;&nbsp;&nbsp;&nbsp;&nbsp;&nbsp;&nbsp;&nbsp;&nbsp;&nbsp;&nbsp;&nbsp;&nbsp; &nbsp;&nbsp;&nbsp;&nbsp;&nbsp;&nbsp;<\/p>\n\n\n\n<p>&nbsp;&nbsp;&nbsp;&nbsp;&nbsp;&nbsp;&nbsp;&nbsp;&nbsp;&nbsp;&nbsp;&nbsp;&nbsp;&nbsp;&nbsp;&nbsp;&nbsp;&nbsp;&nbsp;&nbsp;&nbsp; dr.Berta Eszter&nbsp;&nbsp;&nbsp;&nbsp;&nbsp;&nbsp;&nbsp;&nbsp;&nbsp;&nbsp;&nbsp;&nbsp;&nbsp;&nbsp;&nbsp;&nbsp;&nbsp;&nbsp; &nbsp; &nbsp; &nbsp; &nbsp; &nbsp; &nbsp; Kismarton Marcell &nbsp; &nbsp; &nbsp; &nbsp; &nbsp; &nbsp; &nbsp; &nbsp; &nbsp; &nbsp; &nbsp; &nbsp; &nbsp; &nbsp; &nbsp; &nbsp; M\u00e1k Istv\u00e1n&nbsp;<\/p>\n","protected":false},"excerpt":{"rendered":"<p>JEGYZ\u0150K\u00d6NYV A Finnorsz\u00e1gi Magyarok Egyes\u00fclet\u00e9nek 2024. \u00e9vi k\u00f6zgy\u0171l\u00e9s\u00e9r\u0151l (27. \u00e9ves k\u00f6zgy\u0171l\u00e9s) Id\u0151pont:&nbsp;&nbsp;&nbsp;&nbsp;&nbsp;&nbsp;&nbsp;&nbsp;&nbsp;&nbsp;&nbsp;&nbsp;&nbsp;&nbsp;&nbsp;&nbsp;&nbsp;&nbsp;&nbsp;&nbsp;&nbsp;&nbsp;&nbsp;&nbsp;&nbsp;&nbsp;&nbsp;&nbsp; 2024. m\u00e1rcius 16. 14:00 \u00f3rai kezdettel Helysz\u00edn:\u00a0\u00a0\u00a0\u00a0\u00a0\u00a0\u00a0\u00a0\u00a0\u00a0\u00a0\u00a0\u00a0\u00a0\u00a0\u00a0\u00a0\u00a0\u00a0 Magyar Kultur\u00e1lis \u00e9s Tudom\u00e1nyos K\u00f6zpont (Liszt Int\u00e9zet) Kaisaniemenkatu 10, 00100 Helsinki Jelenlev\u0151 FME tagok sz\u00e1ma:\u00a0\u00a0 24\u00a0 f\u0151 Jelenlev\u0151 megh\u00edvottak\/vend\u00e9gek\/tiszteletbeli tagok sz\u00e1ma: \u00a0 \u00a0 2\u00a0 \u00a0f\u0151 Szavaz\u00e1sra meghatalmaz\u00e1st adott:\u00a0\u00a08 f\u0151\u00a0\u00a0 (a jelenl\u00e9ti \u00edv \u00e9s a meghatalmaz\u00e1sok a &hellip; <a href=\"https:\/\/magyarutca.org\/wordpress\/blog\/2024-03-26_fme-kozgyules-jegyzokonyve\/\" class=\"more-link\">Continue reading <span class=\"screen-reader-text\">2024.03.26_FME k\u00f6zgy\u0171l\u00e9s\u00e9nek jegyz\u0151k\u00f6nyve<\/span><\/a><\/p>\n","protected":false},"author":5,"featured_media":0,"comment_status":"closed","ping_status":"open","sticky":false,"template":"","format":"standard","meta":{"footnotes":""},"categories":[6],"tags":[],"class_list":["post-2459","post","type-post","status-publish","format-standard","hentry","category-nyilvanos-dokumentumok"],"_links":{"self":[{"href":"https:\/\/magyarutca.org\/wordpress\/wp-json\/wp\/v2\/posts\/2459","targetHints":{"allow":["GET"]}}],"collection":[{"href":"https:\/\/magyarutca.org\/wordpress\/wp-json\/wp\/v2\/posts"}],"about":[{"href":"https:\/\/magyarutca.org\/wordpress\/wp-json\/wp\/v2\/types\/post"}],"author":[{"embeddable":true,"href":"https:\/\/magyarutca.org\/wordpress\/wp-json\/wp\/v2\/users\/5"}],"replies":[{"embeddable":true,"href":"https:\/\/magyarutca.org\/wordpress\/wp-json\/wp\/v2\/comments?post=2459"}],"version-history":[{"count":4,"href":"https:\/\/magyarutca.org\/wordpress\/wp-json\/wp\/v2\/posts\/2459\/revisions"}],"predecessor-version":[{"id":2464,"href":"https:\/\/magyarutca.org\/wordpress\/wp-json\/wp\/v2\/posts\/2459\/revisions\/2464"}],"wp:attachment":[{"href":"https:\/\/magyarutca.org\/wordpress\/wp-json\/wp\/v2\/media?parent=2459"}],"wp:term":[{"taxonomy":"category","embeddable":true,"href":"https:\/\/magyarutca.org\/wordpress\/wp-json\/wp\/v2\/categories?post=2459"},{"taxonomy":"post_tag","embeddable":true,"href":"https:\/\/magyarutca.org\/wordpress\/wp-json\/wp\/v2\/tags?post=2459"}],"curies":[{"name":"wp","href":"https:\/\/api.w.org\/{rel}","templated":true}]}}