{"id":395,"date":"2022-07-16T13:48:26","date_gmt":"2022-07-16T13:48:26","guid":{"rendered":"https:\/\/magyarutca.org\/wordpress\/?p=395"},"modified":"2023-03-14T17:53:45","modified_gmt":"2023-03-14T17:53:45","slug":"2022-08-20-xxi-gulyas-grand-prix","status":"publish","type":"post","link":"https:\/\/magyarutca.org\/wordpress\/blog\/2022-08-20-xxi-gulyas-grand-prix\/","title":{"rendered":"2022.08.20-XXI. Guly\u00e1s Grand Prix (GGP) -Magyarok orsz\u00e1gos tal\u00e1lkoz\u00f3ja."},"content":{"rendered":"\n<p class=\"has-medium-font-size\">A megh\u00edv\u00f3k ( magyar \u00e9s finn) ut\u00e1n olvashat\u00f3k a fontosabb tudnival\u00f3k, mindenkit k\u00e9r\u00fcnk (f\u0151leg a csapatokat!) hogy azt is olvass\u00e1k el. <\/p>\n\n\n\n<h2 class=\"wp-block-heading\">A 2022  aug. 20-i  GGP-r\u0151l k\u00e9sz\u00fclt fot\u00f3k \u00e9s vide\u00f3k  <a href=\"https:\/\/drive.google.com\/drive\/folders\/1c5A-42HhfbUPlTsQLdffigHQWceiJJ8K\">ITT<\/a><\/h2>\n\n\n\n<p><\/p>\n\n\n\n<h2 class=\"has-text-align-center wp-block-heading\">Guly\u00e1s Grand Prix&nbsp; (GGP)&nbsp; 2022. aug. 20 Besz\u00e1mol\u00f3<\/h2>\n\n\n\n<p>Remek, naps\u00fct\u00e9ses id\u0151t kaptunk a sorrendben XXI-ik GGP-re. Ez meg is l\u00e1tszott a r\u00e9sztvev\u0151k -vend\u00e9gek l\u00e9tsz\u00e1m\u00e1n is: \u00f6sszesen kb. 170-en &nbsp;voltunk, kilenc csapat f\u0151z\u00f6tt kilenc bogr\u00e1csban.<\/p>\n\n\n\n<p>Ez\u00fattal az \u201cExplorers\u201d t\u00e1rsulat j\u00f3volt\u00e1b\u00f3l k\u00fcl\u00f6n foglalkoz\u00e1s is volt a gyerekeknek, akik nagy \u00f6r\u00f6mmel vettek r\u00e9szt a &nbsp;rajzol\u00e1sban, b\u00e1boz\u00e1sban.&nbsp; Els\u0151 alkalommal volt igazi lemezlovasunk is, aki eg\u00e9sz id\u0151 alatt kitart\u00f3an szolg\u00e1ltatta a j\u00f3 zen\u00e9ket.<\/p>\n\n\n\n<p>Sok finom guly\u00e1s k\u00e9sz\u00fclt, a helyben felk\u00e9rt amat\u0151r zs\u0171ritagoknak neh\u00e9z dolguk volt. Sok\u00e1ig tartott a figyelmes pontoz\u00e1s, &nbsp;aminek eredm\u00e9nye majdnem holtversennyel z\u00e1rult: az els\u0151 \u00e9s a m\u00e1sodik helyezett k\u00f6z\u00f6tt mind\u00f6ssze 4 pont k\u00fcl\u00f6nbs\u00e9ggel!<\/p>\n\n\n\n<p>A helyezettek:<\/p>\n\n\n\n<p>Els\u0151 helyezett 168 ponttal a 3-as sz\u00e1m\u00fa csapat: &nbsp;Kecsk\u00e9s Zsuzsa, Peura Sarolta, H\u00f3di Vikt\u00f3ria.<\/p>\n\n\n\n<p>M\u00e1sodik helyezett &nbsp;164 ponttal a 4-es sz\u00e1m\u00fa csapat: Katona L\u00f3r\u00e1nt \u00e9s F\u00fcl\u00f6p L\u00e1szl\u00f3.<\/p>\n\n\n\n<p>Harmadik helyezett 160 ponttal a 9-es sz\u00e1m\u00fa csapat: Pet\u0151 Kriszti, Teleki Johanna, Kov\u00e1cs Viktor, P\u00e9ter imre \u00e9s Hugyik Attila.<\/p>\n\n\n\n<p>Az els\u0151 d\u00edjazottnak j\u00e1r\u00f3 aranyozott fakan\u00e1lon kiv\u0171l mindh\u00e1rom nyertes csapat k\u00fcl\u00f6nf\u00e9le jutalmakat \u00e9s oklevelet kapott. Gratul\u00e1lunk a d\u00edjazott csapatoknak \u00e9s k\u00f6sz\u00f6nj\u00fck a t\u00f6bbiek k\u00f6zrem\u0171k\u00f6d\u00e9s\u00e9t is!<\/p>\n\n\n\n<p>A tavalyi \u201ctombol\u00e1latlans\u00e1gb\u00f3l\u201d tanulva az id\u00e9n komolyan felk\u00e9sz\u00fclt\u00fcnk, nagyon sok sorsoland\u00f3 nyerem\u00e9ny volt. Ez\u00fattal is k\u00f6sz\u00f6nj\u00fck Magyarorsz\u00e1g Nagyk\u00f6vets\u00e9g\u00e9nek, a Liszt Int\u00e9zetnek, a Fiskars c\u00e9gnek, valamint mindenki m\u00e1snak is, akik tombola nyerem\u00e9nyeket hoztak.&nbsp; Egy adott ponton \u00fagy t\u00fcnt, hogy t\u00f6bb nyerem\u00e9ny van mint amennyi tombol\u00e1t megvettek a r\u00e9sztvev\u0151k de v\u00e9g\u00fcl ez az ar\u00e1ny m\u00e9gis megv\u00e1ltozott, sz\u00f3val nem minden cetli nyert, &nbsp;csak majdnem.<\/p>\n\n\n\n<p>A tombol\u00e1z\u00e1s v\u00e9gezt\u00e9vel kezd\u0151d\u0151tt a komolyabb szaun\u00e1z\u00e1s. &nbsp;A j\u00f3 id\u0151nek is k\u00f6sz\u00f6nhet\u00f6en sokan kihaszn\u00e1lt\u00e1k az alkalmat \u00e9s megm\u00e1rt\u00f3ztak \/ \u00faszk\u00e1ltak a krist\u00e1lytiszta, szinte \u00e1ll\u00f3v\u00edznek t\u0171n\u0151 foly\u00f3ban.<\/p>\n\n\n\n<p>A GGP-n k\u00e9sz\u00fclt f\u00e9nyk\u00e9peket <a href=\"https:\/\/drive.google.com\/drive\/folders\/1c5A-42HhfbUPlTsQLdffigHQWceiJJ8K\">ITT<\/a> itt l\u00e1thatj\u00e1tok.<\/p>\n\n\n\n<p>Az idei rendezv\u00e9nyr\u0151l egy kb. 3-4 perces prom\u00f3ci\u00f3s vide\u00f3 is k\u00e9sz\u00fcl, ez m\u00e9g szerkeszt\u00e9s alatt van de amikor k\u00e9szen lesz, majd k\u00fcl\u00f6n beharangozom. J<\/p>\n\n\n\n<p>Ha minden j\u00f3l megy, j\u00f6v\u0151re ism\u00e9t tal\u00e1lkozunk, &nbsp;2023. aug. 19-\u00e9n, szombaton, a megszokott helyen.<\/p>\n\n\n\n<p>V\u00e9g\u00fcl: k\u00f6sz\u00f6net mindazoknak akik az el\u0151k\u00e9sz\u00fcletkeben, a lebonyol\u00edt\u00e1sban valamint a m\u00e1snapi takar\u00edt\u00e1sban seg\u00edtettek!<\/p>\n\n\n\n<p>Nagy G\u00e1bor (Bigus)<\/p>\n\n\n\n<p>az FME eln\u00f6ke.<\/p>\n\n\n\n<figure class=\"wp-block-image size-large\"><img loading=\"lazy\" decoding=\"async\" width=\"1024\" height=\"229\" src=\"https:\/\/magyarutca.org\/wordpress\/wp-content\/uploads\/2022\/07\/408B3BDC-1ECE-4F23-B823-5F132DF3AAF9-1024x229.jpeg\" alt=\"\" class=\"wp-image-133\" srcset=\"https:\/\/magyarutca.org\/wordpress\/wp-content\/uploads\/2022\/07\/408B3BDC-1ECE-4F23-B823-5F132DF3AAF9-1024x229.jpeg 1024w, https:\/\/magyarutca.org\/wordpress\/wp-content\/uploads\/2022\/07\/408B3BDC-1ECE-4F23-B823-5F132DF3AAF9-300x67.jpeg 300w, https:\/\/magyarutca.org\/wordpress\/wp-content\/uploads\/2022\/07\/408B3BDC-1ECE-4F23-B823-5F132DF3AAF9-768x171.jpeg 768w, https:\/\/magyarutca.org\/wordpress\/wp-content\/uploads\/2022\/07\/408B3BDC-1ECE-4F23-B823-5F132DF3AAF9-1536x343.jpeg 1536w, https:\/\/magyarutca.org\/wordpress\/wp-content\/uploads\/2022\/07\/408B3BDC-1ECE-4F23-B823-5F132DF3AAF9-2048x457.jpeg 2048w\" sizes=\"auto, (max-width: 1024px) 100vw, 1024px\" \/><\/figure>\n\n\n\n<p><\/p>\n\n\n<div class=\"wp-block-image\">\n<figure class=\"alignright size-full is-resized\"><img loading=\"lazy\" decoding=\"async\" src=\"https:\/\/magyarutca.org\/wordpress\/wp-content\/uploads\/2022\/08\/GGP-pavilonok_3.jpg\" alt=\"\" class=\"wp-image-1350\" width=\"541\" height=\"404\"\/><\/figure>\n<\/div>\n\n\n<figure class=\"wp-block-image size-large is-resized\"><img loading=\"lazy\" decoding=\"async\" src=\"https:\/\/magyarutca.org\/wordpress\/wp-content\/uploads\/2022\/08\/2022.07.25_GGP_2022_Meghivo_OK-5-724x1024.jpg\" alt=\"\" class=\"wp-image-1307\" width=\"730\" height=\"1032\" srcset=\"https:\/\/magyarutca.org\/wordpress\/wp-content\/uploads\/2022\/08\/2022.07.25_GGP_2022_Meghivo_OK-5-724x1024.jpg 724w, https:\/\/magyarutca.org\/wordpress\/wp-content\/uploads\/2022\/08\/2022.07.25_GGP_2022_Meghivo_OK-5-212x300.jpg 212w, https:\/\/magyarutca.org\/wordpress\/wp-content\/uploads\/2022\/08\/2022.07.25_GGP_2022_Meghivo_OK-5-768x1087.jpg 768w, https:\/\/magyarutca.org\/wordpress\/wp-content\/uploads\/2022\/08\/2022.07.25_GGP_2022_Meghivo_OK-5-1085x1536.jpg 1085w, https:\/\/magyarutca.org\/wordpress\/wp-content\/uploads\/2022\/08\/2022.07.25_GGP_2022_Meghivo_OK-5.jpg 1190w\" sizes=\"auto, (max-width: 730px) 100vw, 730px\" \/><\/figure>\n\n\n\n<figure class=\"wp-block-image size-full is-resized\"><img loading=\"lazy\" decoding=\"async\" src=\"https:\/\/magyarutca.org\/wordpress\/wp-content\/uploads\/2022\/08\/image-1.png\" alt=\"\" class=\"wp-image-1351\" width=\"535\" height=\"400\" srcset=\"https:\/\/magyarutca.org\/wordpress\/wp-content\/uploads\/2022\/08\/image-1.png 800w, https:\/\/magyarutca.org\/wordpress\/wp-content\/uploads\/2022\/08\/image-1-300x225.png 300w, https:\/\/magyarutca.org\/wordpress\/wp-content\/uploads\/2022\/08\/image-1-768x576.png 768w\" sizes=\"auto, (max-width: 535px) 100vw, 535px\" \/><\/figure>\n\n\n\n<figure class=\"wp-block-image size-large is-resized\"><img loading=\"lazy\" decoding=\"async\" src=\"https:\/\/magyarutca.org\/wordpress\/wp-content\/uploads\/2022\/08\/2022.07.25_GGP-2022_KUTSU_FI_OK-1-724x1024.jpg\" alt=\"\" class=\"wp-image-1303\" width=\"731\" height=\"1033\" srcset=\"https:\/\/magyarutca.org\/wordpress\/wp-content\/uploads\/2022\/08\/2022.07.25_GGP-2022_KUTSU_FI_OK-1-724x1024.jpg 724w, https:\/\/magyarutca.org\/wordpress\/wp-content\/uploads\/2022\/08\/2022.07.25_GGP-2022_KUTSU_FI_OK-1-212x300.jpg 212w, https:\/\/magyarutca.org\/wordpress\/wp-content\/uploads\/2022\/08\/2022.07.25_GGP-2022_KUTSU_FI_OK-1.jpg 1190w\" sizes=\"auto, (max-width: 731px) 100vw, 731px\" \/><\/figure>\n\n\n\n<figure class=\"wp-block-image size-full\"><img loading=\"lazy\" decoding=\"async\" width=\"820\" height=\"264\" src=\"https:\/\/magyarutca.org\/wordpress\/wp-content\/uploads\/2022\/08\/image-2.png\" alt=\"\" class=\"wp-image-1365\" srcset=\"https:\/\/magyarutca.org\/wordpress\/wp-content\/uploads\/2022\/08\/image-2.png 820w, https:\/\/magyarutca.org\/wordpress\/wp-content\/uploads\/2022\/08\/image-2-300x97.png 300w, https:\/\/magyarutca.org\/wordpress\/wp-content\/uploads\/2022\/08\/image-2-768x247.png 768w\" sizes=\"auto, (max-width: 820px) 100vw, 820px\" \/><\/figure>\n\n\n\n<p>Sziasztok,<\/p>\n\n\n\n<p>Mi vagyunk az <strong>`Explorers`,<\/strong> magyarul Felfedez\u0151k\/Kalandoz\u00f3k. Sz\u00f3rakoztatva nevel\u0151 programokat k\u00edn\u00e1lunk gyerekeknek, vel\u00fcnk egy\u00fctt kalandozhatnak a m\u0171v\u00e9szet, sz\u00ednh\u00e1z\/b\u00e1bsz\u00ednh\u00e1z, nyelv es zene birodalm\u00e1ban. Magyar nyelven tartand\u00f3 Sz\u00ednj\u00e1tsz\u00f3 foglalkoz\u00e1sainkat szeretn\u00e9nk els\u0151sorban a figyelmetekbe aj\u00e1nlani, de ha valakit \u00e9rdekelnek az angol nyelv\u0171 programjaink, ott is sz\u00edvesen l\u00e1tunk mindenkit.<\/p>\n\n\n\n<p><strong>1. Sz\u00ednj\u00e1tsz\u00f3 Klub\/ Performance Club (Magyar, Angol es Finn nyelven is ind\u00edtunk csoportokat)<\/strong><\/p>\n\n\n\n<p>&#8211; Sz\u00ednj\u00e1tsz\u00e1son kereszt\u00fcl a gyerekek gazdag\u00edthatj\u00e1k sz\u00f3kincs\u00fcket, reszesei lesznek az alkot\u00f3 folyamatnak, magabiztosabb\u00e1 v\u00e1lhatnak, szoci\u00e1lis es \u00e9rzelmi intelligenci\u00e1juk, probl\u00e9ma megold\u00f3 k\u00e9pess\u00e9g\u00fck, kreativit\u00e1suk is fejl\u0151dik<\/p>\n\n\n\n<p>&#8211; F\u00e9l\u00e9venk\u00e9nt \u00fajraindul\u00f3 csoportfoglalkoz\u00e1sok f\u00f3kusz\u00e1lnak a gyerekek egy\u00e9ni k\u00e9pess\u00e9g\u00e9re, er\u0151ss\u00e9g\u00e9re es \u00e9rdekl\u0151d\u00e9s\u00e9re<\/p>\n\n\n\n<p>&#8211; A pr\u00f3bafolyamat sor\u00e1n nagy hangs\u00falyt fektet\u00fcnk a Magyar besz\u00e9dm\u0171vel\u00e9sre. Mont\u00e1gh m\u00f3dszer l\u00e9gz\u0151-, hang-, kiejt\u00e9s-, hangs\u00faly- \u00e9s ritmusgyakorlataival ismerkedhetnek meg a r\u00e9sztvev\u0151k<\/p>\n\n\n\n<p>&#8211; Az elk\u00e9sz\u00fclt el\u0151ad\u00e1sok alkalmazhatnak zen\u00e9t, \u00e9neket, mozg\u00e1sszinh\u00e1zi es b\u00e1bszinh\u00e1zi elemeket is<\/p>\n\n\n\n<p>&#8211; A szemeszter v\u00e9g\u00e9n a k\u00f6z\u00f6sen l\u00e9trehozott produkci\u00f3 megtekinthet\u0151 a csal\u00e1dok es bar\u00e1tok sz\u00e1m\u00e1ra<\/p>\n\n\n\n<p><strong>2. Zene Klub (ezeket a foglalkoz\u00e1sainkat angol nyelven tartjuk)<\/strong><\/p>\n\n\n\n<p>&#8211; Zene Klub vid\u00e1m mozg\u00e1sos gyakorlatokkal, dalokkal, b\u00e1bokkal es hangszerekkel ismerteti meg a gyerekekkel a zene vil\u00e1g\u00e1t es zenei alapfogalmakat, mint peld\u00e1ul: hangmagass\u00e1g, ritmus, \u00fctem, dallam, temp\u00f3<\/p>\n\n\n\n<p>&#8211; A Zene Klubot vid\u00e1m b\u00e1bkarakterek; Quincy the Quaver \u00e9s bar\u00e1tai teszik \u00e9rdekess\u00e9<\/p>\n\n\n\n<p>&#8211; A f\u00e9l\u00e9venk\u00e9nt \u00fajraindul\u00f3 foglalkoz\u00e1sainkat Kod\u00e1ly \u00e9s Jolly Music m\u00f3dszerek inspir\u00e1lt\u00e1k<\/p>\n\n\n\n<p>&#8211; A szemeszterek v\u00e9g\u00e9n a gyerekek \u00e9nekes produkci\u00f3ja felv\u00e9telre ker\u00fcl \u00e9s mp3 form\u00e1ban let\u00f6lthet\u0151 lesz<\/p>\n\n\n\n<p><strong>3. Zenei Angol Klub\/ Musical English Club (ezeket a foglalkoz\u00e1sainkat angol nyelven tartjuk)<\/strong><\/p>\n\n\n\n<p>&#8211; Zenei Angol foglalkoz\u00e1sainkon sz\u00f3rakoztat\u00f3 m\u00f3don, mes\u00e9kkel, zen\u00e9vel, mozgassal es b\u00e1bbal fejlesztj\u00fck a gyerekek Angol nyelv es kommunik\u00e1ci\u00f3s k\u00e9szs\u00e9g\u00e9t es hangtani tudatoss\u00e1gukat<\/p>\n\n\n\n<p>&#8211; A Klubot vezeti Larnell a B\u00e9ka (b\u00e1bkarakter) es bar\u00e1tai<\/p>\n\n\n\n<p>&#8211; Foglalkoz\u00e1sainkat r\u00e9szben a Jolly Phonic met\u00f3dus inspir\u00e1lta<\/p>\n\n\n\n<p>&#8211; C\u00e9lunk, hogy egy biztons\u00e1gos, vid\u00e1m l\u00e9gk\u00f6rben a gyerekek b\u00e1tran kifejezz\u00e9k magukat, ez\u00e1ltal fejl\u0151dj\u00f6n a sz\u00f3kincs\u00fck, artikul\u00e1ci\u00f3juk \u00e9s lehet\u0151s\u00e9get biztos\u00edtsunk a nyelv gyakorl\u00e1s\u00e1ra<\/p>\n\n\n\n<p>Amennyiben tov\u00e1bbi k\u00e9rd\u00e9sed lenne, nyugodtan l\u00e9pj kapcsolatba vel\u00fcnk.<\/p>\n\n\n\n<p>\u00dcdvozlettel:<\/p>\n\n\n\n<p>Erzs\u00e9bet (Bizsi) Tam\u00e1s es Michael Kantola<\/p>\n\n\n\n<p>Contacts Michael:  +358 45321 8973                                 Bizsi:  +358 453218974<br>artexplorers22@gmail.com <\/p>\n\n\n\n<figure class=\"wp-block-image size-full\"><img loading=\"lazy\" decoding=\"async\" width=\"211\" height=\"131\" src=\"https:\/\/magyarutca.org\/wordpress\/wp-content\/uploads\/2022\/08\/image-3.png\" alt=\"\" class=\"wp-image-1366\"\/><\/figure>\n\n\n\n<p><\/p>\n\n\n\n<div data-wp-interactive=\"core\/file\" class=\"wp-block-file\"><object data-wp-bind--hidden=\"!state.hasPdfPreview\" hidden class=\"wp-block-file__embed\" data=\"https:\/\/magyarutca.org\/wordpress\/wp-content\/uploads\/2022\/07\/2022.07.15_GGP-ertesito_OK.pdf\" type=\"application\/pdf\" style=\"width:100%;height:200px\" aria-label=\"Embed of 2022.07.15_GGP-ertesito_OK.\"><\/object><a id=\"wp-block-file--media-2c3b76e0-f933-4f6a-a08a-878d1f1ecb74\" href=\"https:\/\/magyarutca.org\/wordpress\/wp-content\/uploads\/2022\/07\/2022.07.15_GGP-ertesito_OK.pdf\">2022.07.15_GGP-ertesito_OK<\/a><a href=\"https:\/\/magyarutca.org\/wordpress\/wp-content\/uploads\/2022\/07\/2022.07.15_GGP-ertesito_OK.pdf\" class=\"wp-block-file__button wp-element-button\" download aria-describedby=\"wp-block-file--media-2c3b76e0-f933-4f6a-a08a-878d1f1ecb74\">Download<\/a><\/div>\n\n\n\n<hr class=\"wp-block-separator has-alpha-channel-opacity\"\/>\n\n\n\n<div data-wp-interactive=\"core\/file\" class=\"wp-block-file aligncenter\"><object data-wp-bind--hidden=\"!state.hasPdfPreview\" hidden class=\"wp-block-file__embed\" data=\"https:\/\/magyarutca.org\/wordpress\/wp-content\/uploads\/2022\/07\/2022.07.15_GGP-ilmoitus-saannot_FI-1.pdf\" type=\"application\/pdf\" style=\"width:100%;height:430px\" aria-label=\"Embed of 2022.07.15_GGP-ilmoitus-saannot_FI-1.\"><\/object><a id=\"wp-block-file--media-ea3302b2-7200-4d46-8501-73f9d2afbb57\" href=\"https:\/\/magyarutca.org\/wordpress\/wp-content\/uploads\/2022\/07\/2022.07.15_GGP-ilmoitus-saannot_FI-1.pdf\">2022.07.15_GGP-ilmoitus-saannot_FI-1<\/a><a href=\"https:\/\/magyarutca.org\/wordpress\/wp-content\/uploads\/2022\/07\/2022.07.15_GGP-ilmoitus-saannot_FI-1.pdf\" class=\"wp-block-file__button wp-element-button\" download aria-describedby=\"wp-block-file--media-ea3302b2-7200-4d46-8501-73f9d2afbb57\">Download<\/a><\/div>\n\n\n\n<p><\/p>\n\n\n\n<p><\/p>\n\n\n\n<figure class=\"wp-block-image size-full\"><img loading=\"lazy\" decoding=\"async\" width=\"900\" height=\"655\" src=\"https:\/\/magyarutca.org\/wordpress\/wp-content\/uploads\/2022\/08\/003-Jogging_Team_Karjaa.jpg\" alt=\"\" class=\"wp-image-1339\" srcset=\"https:\/\/magyarutca.org\/wordpress\/wp-content\/uploads\/2022\/08\/003-Jogging_Team_Karjaa.jpg 900w, https:\/\/magyarutca.org\/wordpress\/wp-content\/uploads\/2022\/08\/003-Jogging_Team_Karjaa-300x218.jpg 300w, https:\/\/magyarutca.org\/wordpress\/wp-content\/uploads\/2022\/08\/003-Jogging_Team_Karjaa-768x559.jpg 768w\" sizes=\"auto, (max-width: 900px) 100vw, 900px\" \/><\/figure>\n\n\n\n<figure class=\"wp-block-image size-full\"><img loading=\"lazy\" decoding=\"async\" width=\"800\" height=\"600\" src=\"https:\/\/magyarutca.org\/wordpress\/wp-content\/uploads\/2022\/08\/004-Jogging_Team_landmark.jpg\" alt=\"\" class=\"wp-image-1341\" srcset=\"https:\/\/magyarutca.org\/wordpress\/wp-content\/uploads\/2022\/08\/004-Jogging_Team_landmark.jpg 800w, https:\/\/magyarutca.org\/wordpress\/wp-content\/uploads\/2022\/08\/004-Jogging_Team_landmark-300x225.jpg 300w, https:\/\/magyarutca.org\/wordpress\/wp-content\/uploads\/2022\/08\/004-Jogging_Team_landmark-768x576.jpg 768w\" sizes=\"auto, (max-width: 800px) 100vw, 800px\" \/><\/figure>\n\n\n\n<figure class=\"wp-block-image size-full\"><img loading=\"lazy\" decoding=\"async\" width=\"800\" height=\"600\" src=\"https:\/\/magyarutca.org\/wordpress\/wp-content\/uploads\/2022\/08\/005-Jogging-Team_Karjaa_house.jpg\" alt=\"\" class=\"wp-image-1342\" srcset=\"https:\/\/magyarutca.org\/wordpress\/wp-content\/uploads\/2022\/08\/005-Jogging-Team_Karjaa_house.jpg 800w, https:\/\/magyarutca.org\/wordpress\/wp-content\/uploads\/2022\/08\/005-Jogging-Team_Karjaa_house-300x225.jpg 300w, https:\/\/magyarutca.org\/wordpress\/wp-content\/uploads\/2022\/08\/005-Jogging-Team_Karjaa_house-768x576.jpg 768w\" sizes=\"auto, (max-width: 800px) 100vw, 800px\" \/><\/figure>\n","protected":false},"excerpt":{"rendered":"<p>A megh\u00edv\u00f3k ( magyar \u00e9s finn) ut\u00e1n olvashat\u00f3k a fontosabb tudnival\u00f3k, mindenkit k\u00e9r\u00fcnk (f\u0151leg a csapatokat!) hogy azt is olvass\u00e1k el. A 2022 aug. 20-i GGP-r\u0151l k\u00e9sz\u00fclt fot\u00f3k \u00e9s vide\u00f3k ITT Guly\u00e1s Grand Prix&nbsp; (GGP)&nbsp; 2022. aug. 20 Besz\u00e1mol\u00f3 Remek, naps\u00fct\u00e9ses id\u0151t kaptunk a sorrendben XXI-ik GGP-re. Ez meg is l\u00e1tszott a r\u00e9sztvev\u0151k -vend\u00e9gek l\u00e9tsz\u00e1m\u00e1n &hellip; <a href=\"https:\/\/magyarutca.org\/wordpress\/blog\/2022-08-20-xxi-gulyas-grand-prix\/\" class=\"more-link\">Continue reading <span class=\"screen-reader-text\">2022.08.20-XXI. Guly\u00e1s Grand Prix (GGP) -Magyarok orsz\u00e1gos tal\u00e1lkoz\u00f3ja.<\/span><\/a><\/p>\n","protected":false},"author":2,"featured_media":613,"comment_status":"closed","ping_status":"open","sticky":false,"template":"","format":"standard","meta":{"footnotes":""},"categories":[1],"tags":[],"class_list":["post-395","post","type-post","status-publish","format-standard","has-post-thumbnail","hentry","category-visszatekinto"],"_links":{"self":[{"href":"https:\/\/magyarutca.org\/wordpress\/wp-json\/wp\/v2\/posts\/395","targetHints":{"allow":["GET"]}}],"collection":[{"href":"https:\/\/magyarutca.org\/wordpress\/wp-json\/wp\/v2\/posts"}],"about":[{"href":"https:\/\/magyarutca.org\/wordpress\/wp-json\/wp\/v2\/types\/post"}],"author":[{"embeddable":true,"href":"https:\/\/magyarutca.org\/wordpress\/wp-json\/wp\/v2\/users\/2"}],"replies":[{"embeddable":true,"href":"https:\/\/magyarutca.org\/wordpress\/wp-json\/wp\/v2\/comments?post=395"}],"version-history":[{"count":44,"href":"https:\/\/magyarutca.org\/wordpress\/wp-json\/wp\/v2\/posts\/395\/revisions"}],"predecessor-version":[{"id":1828,"href":"https:\/\/magyarutca.org\/wordpress\/wp-json\/wp\/v2\/posts\/395\/revisions\/1828"}],"wp:featuredmedia":[{"embeddable":true,"href":"https:\/\/magyarutca.org\/wordpress\/wp-json\/wp\/v2\/media\/613"}],"wp:attachment":[{"href":"https:\/\/magyarutca.org\/wordpress\/wp-json\/wp\/v2\/media?parent=395"}],"wp:term":[{"taxonomy":"category","embeddable":true,"href":"https:\/\/magyarutca.org\/wordpress\/wp-json\/wp\/v2\/categories?post=395"},{"taxonomy":"post_tag","embeddable":true,"href":"https:\/\/magyarutca.org\/wordpress\/wp-json\/wp\/v2\/tags?post=395"}],"curies":[{"name":"wp","href":"https:\/\/api.w.org\/{rel}","templated":true}]}}