{"id":409,"date":"2022-07-16T14:09:52","date_gmt":"2022-07-16T14:09:52","guid":{"rendered":"https:\/\/magyarutca.org\/wordpress\/?p=409"},"modified":"2022-09-30T12:35:51","modified_gmt":"2022-09-30T12:35:51","slug":"2022-09-16-17-a-finnorszagi-magyar-tanarok-modszertani-tovabbkepzese","status":"publish","type":"post","link":"https:\/\/magyarutca.org\/wordpress\/blog\/2022-09-16-17-a-finnorszagi-magyar-tanarok-modszertani-tovabbkepzese\/","title":{"rendered":"2022.09.16-17-A finnorsz\u00e1gi magyar tan\u00e1rok m\u00f3dszertani tov\u00e1bb-k\u00e9pz\u00e9se"},"content":{"rendered":"\n<figure class=\"wp-block-image size-full\"><img loading=\"lazy\" decoding=\"async\" width=\"793\" height=\"150\" src=\"https:\/\/magyarutca.org\/wordpress\/wp-content\/uploads\/2022\/08\/image-5.png\" alt=\"\" class=\"wp-image-1481\" srcset=\"https:\/\/magyarutca.org\/wordpress\/wp-content\/uploads\/2022\/08\/image-5.png 793w, https:\/\/magyarutca.org\/wordpress\/wp-content\/uploads\/2022\/08\/image-5-300x57.png 300w, https:\/\/magyarutca.org\/wordpress\/wp-content\/uploads\/2022\/08\/image-5-768x145.png 768w\" sizes=\"auto, (max-width: 793px) 100vw, 793px\" \/><\/figure>\n\n\n\n<p>Kedves Finnorsz\u00e1gi Magyartan\u00e1rok!&nbsp;&nbsp;&nbsp;<\/p>\n\n\n\n<p>2013 \u00f3ta h\u00e9t alkalommal hirdett\u00fcnk m\u00e1sf\u00e9l napos szemin\u00e1riumot annak \u00e9rdek\u00e9ben, hogy a magyartan\u00edt\u00e1ssal foglalkoz\u00f3 tan\u00e1rok tal\u00e1lkozhassanak, kicser\u00e9lhess\u00e9k tapasztalataikat, \u00e9s olyan pedag\u00f3giai, m\u00f3dszertani \u00f6tleteket hallhassanak, amelyeket hasznos\u00edtani tudnak az oktat\u00e1s sor\u00e1n. A tal\u00e1lkoz\u00f3k siker\u00e9t nem rend\u00edtette meg az oktat\u00e1sra v\u00e9g\u00e9rv\u00e9nyes hat\u00e1st gyakorl\u00f3 vil\u00e1gj\u00e1rv\u00e1ny sem.&nbsp;&nbsp;<\/p>\n\n\n\n<p><strong>A Magyar Kultur\u00e1lis Int\u00e9zet&nbsp;a budapesti E\u00f6tv\u00f6s Lor\u00e1nd Tudom\u00e1nyegyetemmel, a Finn\u2013Magyar T\u00e1rsas\u00e1ggal \u00e9s a&nbsp;Finnorsz\u00e1gi&nbsp;Magyarok Egyes\u00fclet\u00e9vel egy\u00fcttm\u0171k\u00f6dve 2022. szeptember 16\u201317-\u00e9n ism\u00e9t&nbsp;magyartan\u00e1ri tal\u00e1lkoz\u00f3t \u00e9s tov\u00e1bbk\u00e9pz\u00e9st hirdet, mely hibrid esem\u00e9nyk\u00e9nt a Liszt Int\u00e9zetben, valamint a Zoom platformon val\u00f3sul meg. F\u0151el\u0151ad\u00f3ink id\u00e9n azt a k\u00e9rd\u00e9st j\u00e1rj\u00e1k k\u00f6rbe, mihez kezdjen egy nyelvtan\u00e1r, ha a tank\u00f6nyvi feladatok nem felt\u00e9tlen\u00fcl illenek a csoport c\u00e9lkit\u0171z\u00e9seihez.&nbsp;<\/strong>&nbsp;<\/p>\n\n\n\n<p>A k\u00e9pz\u00e9s t\u00e9r\u00edt\u00e9smentes.&nbsp;&nbsp;&nbsp;&nbsp;<\/p>\n\n\n\n<p>Levelemhez csatoltam a<strong>&nbsp;programtervezetet<\/strong>&nbsp;is, a linkekkel kieg\u00e9sz\u00edtett v\u00e1ltozatot a jelentkez\u0151knek fogom elk\u00fcldeni. A Zoom nem regisztr\u00e1ci\u00f3k\u00f6teles: a linkre kattintva egyszer\u0171en lehet az adott alkalomhoz csatlakozni.&nbsp;&nbsp;&nbsp;<\/p>\n\n\n\n<p><strong>Akik r\u00e9szt k\u00edv\u00e1nnak venni a tal\u00e1lkoz\u00f3n, azokt\u00f3l&nbsp;k\u00e9rj\u00fck, hogy legk\u00e9s\u0151bb&nbsp;<u>augusztus 26. p\u00e9ntekig<\/u>&nbsp;<\/strong><strong>t\u00f6lts\u00e9k ki \u00e9s k\u00fcldj\u00e9k vissza az al\u00e1bbi r\u00f6vid k\u00e9rd\u0151\u00edvet:&nbsp;<\/strong>&nbsp;&nbsp;&nbsp;<\/p>\n\n\n\n<p>Jelentkezem a&nbsp;Finnorsz\u00e1gi&nbsp;Magyartan\u00e1rok&nbsp;2022-es m\u00f3dszertani konferenci\u00e1j\u00e1ra:&nbsp;&nbsp;&nbsp;&nbsp;<\/p>\n\n\n\n<p>n\u00e9v: &#8230;&#8230;&#8230;&#8230;&#8230;&#8230;&#8230;&#8230;&#8230;&#8230;&#8230;.., &nbsp;&nbsp;&nbsp;&nbsp;<\/p>\n\n\n\n<p>A k\u00f6vetkez\u0151 csoportokat tan\u00edtottam, illetve tan\u00edtom: MID \/ MSZ \/ mindkett\u0151&nbsp;&nbsp;&nbsp;&nbsp;&nbsp;<\/p>\n\n\n\n<p>a r\u00e9szv\u00e9tel napjai: szept. 16., p\u00e9ntek \/ szept. 17., szombat \/ mindkett\u0151&nbsp;&nbsp;<\/p>\n\n\n\n<p>a r\u00e9szv\u00e9tel m\u00f3dja: jelen \/ online&nbsp;&nbsp;<\/p>\n\n\n\n<p>milyen tank\u00f6nyveket, illetve anyagokat haszn\u00e1lok jelenleg: \u2026\u2026\u2026\u2026\u2026\u2026\u2026\u2026\u2026\u2026\u2026\u2026\u2026&nbsp;&nbsp;<\/p>\n\n\n\n<p>A Finnorsz\u00e1gi Magyarok Egyes\u00fclete (FME) a vid\u00e9kr\u0151l \u00e9rkez\u0151 sz\u00e1rmaz\u00e1snyelvi tan\u00e1roknak az utaz\u00e1si k\u00f6lts\u00e9ghez t\u00e1mogat\u00e1st biztos\u00edt.&nbsp;<\/p>\n\n\n\n<p>Ezzel kapcsolatban az \u00e9rintettek forduljanak Nagy G\u00e1bor \u201eBigus\u201d eln\u00f6kh\u00f6z:&nbsp;<a href=\"mailto:nagy.bigus@gabriel.fi\">nagy.bigus@gabriel.fi<\/a>&nbsp;&nbsp;<\/p>\n\n\n\n<p>A Liszt Int\u00e9zet h\u00e1rom f\u0151nek tud sz\u00e1ll\u00e1st biztos\u00edtani k\u00e9t vend\u00e9gszob\u00e1ban, ezzel kapcsolatban hozz\u00e1m lehet fordulni.&nbsp;&nbsp;<\/p>\n\n\n\n<p>A min\u00e9l nagyobb l\u00e9tsz\u00e1m\u00fa, sikeres tal\u00e1lkoz\u00f3ban b\u00edzva,<\/p>\n\n\n\n<p><\/p>\n\n\n\n<p><strong>Kl\u00e1ra Pojj\u00e1k<\/strong>,&nbsp;\u25a0&nbsp;programme manager&nbsp;\u25a0<\/p>\n\n\n\n<p>Kaisaniemenkatu 10, 00100 Helsinki       +358-9-6229 4612&nbsp;<\/p>\n\n\n\n<p>******************   **************************<\/p>\n\n\n\n<figure class=\"wp-block-image size-full\"><img loading=\"lazy\" decoding=\"async\" width=\"793\" height=\"150\" src=\"https:\/\/magyarutca.org\/wordpress\/wp-content\/uploads\/2022\/08\/image-6.png\" alt=\"\" class=\"wp-image-1483\" srcset=\"https:\/\/magyarutca.org\/wordpress\/wp-content\/uploads\/2022\/08\/image-6.png 793w, https:\/\/magyarutca.org\/wordpress\/wp-content\/uploads\/2022\/08\/image-6-300x57.png 300w, https:\/\/magyarutca.org\/wordpress\/wp-content\/uploads\/2022\/08\/image-6-768x145.png 768w\" sizes=\"auto, (max-width: 793px) 100vw, 793px\" \/><\/figure>\n\n\n\n<p><strong>Finnorsz\u00e1gi magyartan\u00e1rok tal\u00e1lkoz\u00f3ja \u00e9s tov\u00e1bbk\u00e9pz\u00e9se, 2022, IX. 16\u201317.<\/strong><\/p>\n\n\n\n<p>Liszt Int\u00e9zet &#8211; Magyar Kultur\u00e1lis K\u00f6zpont (Helsinki, Kaisaniemenkatu 10.)<\/p>\n\n\n\n<p><strong>Programtervezet<\/strong>      <strong>szeptember 16., p\u00e9ntek<\/strong><\/p>\n\n\n\n<p>14:00&nbsp;&nbsp;&nbsp; A r\u00e9sztvev\u0151k k\u00f6sz\u00f6nt\u00e9se, majd r\u00f6vid bemutatkoz\u00e1sa<\/p>\n\n\n\n<p>14:30&nbsp;&nbsp;&nbsp; Irene Wichmann \u2013 Feh\u00e9r Zsuzs\u00e1nna: Mit tanultunk a t\u00e1voktat\u00e1sb\u00f3l? A Helsinki Finn-Magyar T\u00e1rsas\u00e1g online kurzusai (ea.)<\/p>\n\n\n\n<p>15:00 &nbsp;&nbsp; Pusztai-Varga Ildik\u00f3: Finnorsz\u00e1gi nyelvtanul\u00f3k magyarnyelv-tanul\u00e1si motiv\u00e1ci\u00f3i. Kutat\u00e1si besz\u00e1mol\u00f3 (ea.)<\/p>\n\n\n\n<p>16:00&nbsp;&nbsp;&nbsp; Varga Judit: Lexik\u00e1lis kompetencia \u00e9s a fraz\u00e9m\u00e1k (ea.)<\/p>\n\n\n\n<p>16:30&nbsp;&nbsp;&nbsp; k\u00e1v\u00e9sz\u00fcnet<\/p>\n\n\n\n<p>16:50&nbsp;&nbsp;&nbsp; Kov\u00e1cs Magdolna \u2013 Vecserny\u00e9s Ildik\u00f3: Magyar megsz\u00f3l\u00edt\u00e1sok tan\u00edt\u00e1sa finneknek \u00e9s sz\u00e1rmaz\u00e1snyelvi di\u00e1koknak (ea.)<\/p>\n\n\n\n<p>17:10 &nbsp;&nbsp; P\u00c1RHUZAMOS M\u0170HELYEK<\/p>\n\n\n\n<p>&nbsp;&nbsp;&nbsp;&nbsp;&nbsp;&nbsp;&nbsp;&nbsp;&nbsp;&nbsp;&nbsp; Johanna Raimi: Slam poetry a sz\u00e1rmaz\u00e1snyelv-oktat\u00e1sban<\/p>\n\n\n\n<p>Kov\u00e1cs Magdolna \u2013 Vecserny\u00e9s Ildik\u00f3: Bev\u00e1lt \u00f6tletem, m\u00f3dszerem egy finnek sz\u00e1m\u00e1ra neh\u00e9znek t\u0171n\u0151 jelens\u00e9g tan\u00edt\u00e1s\u00e1ra: <em>K\u00e9rj\u00fck a koll\u00e9g\u00e1kat, hozz\u00e1k magukkal bev\u00e1lt\/kedvenc feladataikat (amennyiben a feladat nem saj\u00e1t, forr\u00e1st jel\u00f6ljenek meg).<\/em><\/p>\n\n\n\n<p><strong>szeptember 17., szombat<\/strong><\/p>\n\n\n\n<p>10:00&nbsp;&nbsp;&nbsp; Pap Andrea, ELTE: Hogyan eg\u00e9sz\u00edts\u00fck ki tananyagainkat pragmatikai j\u00e1t\u00e9kokkal \u00e9s feladatokkal? (ea.)<\/p>\n\n\n\n<p>11:00&nbsp;&nbsp;&nbsp; k\u00e1v\u00e9sz\u00fcnet<\/p>\n\n\n\n<p>11:20&nbsp;&nbsp;&nbsp; Zajacz Zita, ELTE: Hogyan eg\u00e9sz\u00edts\u00fck ki tananyagainkat (inter)kultur\u00e1lis j\u00e1t\u00e9kokkal \u00e9s feladatokkal? (ea.)<\/p>\n\n\n\n<p>12:20&nbsp;&nbsp;&nbsp; T\u00f3th Vikt\u00f3ria: Besz\u00e1mol\u00f3 az <em>\u00datraval\u00f3<\/em> csoportr\u00f3l (<a href=\"https:\/\/www.kielijamieli.com\/utravalo\">https:\/\/www.kielijamieli.com\/utravalo<\/a>) (ea.)<\/p>\n\n\n\n<p>12:50&nbsp;&nbsp;&nbsp; K\u00d6Z\u00d6S EB\u00c9D<\/p>\n\n\n\n<p>13:50&nbsp;&nbsp;&nbsp; P\u00c1RHUZAMOS M\u0170HELYEK Pap Andrea \u00e9s Zajacz Zita vezet\u00e9s\u00e9vel I.<\/p>\n\n\n\n<p>Tank\u00f6nyvek arcfelvarr\u00e1sa pragmatikai szempontb\u00f3l<\/p>\n\n\n\n<p>14:50&nbsp;&nbsp;&nbsp; P\u00c1RHUZAMOS M\u0170HELYEK Pap Andrea \u00e9s Zajacz Zita vezet\u00e9s\u00e9vel II.<\/p>\n\n\n\n<p>Tank\u00f6nyvek arcfelvarr\u00e1sa interkultur\u00e1lis szempontb\u00f3l<\/p>\n\n\n\n<p>15:50&nbsp;&nbsp;&nbsp; z\u00e1rsz\u00f3<\/p>\n\n\n\n<p>***********    ********************<\/p>\n","protected":false},"excerpt":{"rendered":"<p>Kedves Finnorsz\u00e1gi Magyartan\u00e1rok!&nbsp;&nbsp;&nbsp; 2013 \u00f3ta h\u00e9t alkalommal hirdett\u00fcnk m\u00e1sf\u00e9l napos szemin\u00e1riumot annak \u00e9rdek\u00e9ben, hogy a magyartan\u00edt\u00e1ssal foglalkoz\u00f3 tan\u00e1rok tal\u00e1lkozhassanak, kicser\u00e9lhess\u00e9k tapasztalataikat, \u00e9s olyan pedag\u00f3giai, m\u00f3dszertani \u00f6tleteket hallhassanak, amelyeket hasznos\u00edtani tudnak az oktat\u00e1s sor\u00e1n. A tal\u00e1lkoz\u00f3k siker\u00e9t nem rend\u00edtette meg az oktat\u00e1sra v\u00e9g\u00e9rv\u00e9nyes hat\u00e1st gyakorl\u00f3 vil\u00e1gj\u00e1rv\u00e1ny sem.&nbsp;&nbsp; A Magyar Kultur\u00e1lis Int\u00e9zet&nbsp;a budapesti E\u00f6tv\u00f6s Lor\u00e1nd Tudom\u00e1nyegyetemmel, a &hellip; <a href=\"https:\/\/magyarutca.org\/wordpress\/blog\/2022-09-16-17-a-finnorszagi-magyar-tanarok-modszertani-tovabbkepzese\/\" class=\"more-link\">Continue reading <span class=\"screen-reader-text\">2022.09.16-17-A finnorsz\u00e1gi magyar tan\u00e1rok m\u00f3dszertani tov\u00e1bb-k\u00e9pz\u00e9se<\/span><\/a><\/p>\n","protected":false},"author":2,"featured_media":0,"comment_status":"closed","ping_status":"open","sticky":false,"template":"","format":"standard","meta":{"footnotes":""},"categories":[1],"tags":[],"class_list":["post-409","post","type-post","status-publish","format-standard","hentry","category-visszatekinto"],"_links":{"self":[{"href":"https:\/\/magyarutca.org\/wordpress\/wp-json\/wp\/v2\/posts\/409","targetHints":{"allow":["GET"]}}],"collection":[{"href":"https:\/\/magyarutca.org\/wordpress\/wp-json\/wp\/v2\/posts"}],"about":[{"href":"https:\/\/magyarutca.org\/wordpress\/wp-json\/wp\/v2\/types\/post"}],"author":[{"embeddable":true,"href":"https:\/\/magyarutca.org\/wordpress\/wp-json\/wp\/v2\/users\/2"}],"replies":[{"embeddable":true,"href":"https:\/\/magyarutca.org\/wordpress\/wp-json\/wp\/v2\/comments?post=409"}],"version-history":[{"count":4,"href":"https:\/\/magyarutca.org\/wordpress\/wp-json\/wp\/v2\/posts\/409\/revisions"}],"predecessor-version":[{"id":1580,"href":"https:\/\/magyarutca.org\/wordpress\/wp-json\/wp\/v2\/posts\/409\/revisions\/1580"}],"wp:attachment":[{"href":"https:\/\/magyarutca.org\/wordpress\/wp-json\/wp\/v2\/media?parent=409"}],"wp:term":[{"taxonomy":"category","embeddable":true,"href":"https:\/\/magyarutca.org\/wordpress\/wp-json\/wp\/v2\/categories?post=409"},{"taxonomy":"post_tag","embeddable":true,"href":"https:\/\/magyarutca.org\/wordpress\/wp-json\/wp\/v2\/tags?post=409"}],"curies":[{"name":"wp","href":"https:\/\/api.w.org\/{rel}","templated":true}]}}