{"id":488,"date":"2022-07-17T20:23:15","date_gmt":"2022-07-17T20:23:15","guid":{"rendered":"https:\/\/magyarutca.org\/wordpress\/?p=488"},"modified":"2022-07-31T19:10:59","modified_gmt":"2022-07-31T19:10:59","slug":"2022-08-18-kiallitasmegnyito-a-muveszetek-ejszakajan-magyar-iparmuveszek-designkiallitasa","status":"publish","type":"post","link":"https:\/\/magyarutca.org\/wordpress\/blog\/2022-08-18-kiallitasmegnyito-a-muveszetek-ejszakajan-magyar-iparmuveszek-designkiallitasa\/","title":{"rendered":"2022.05.27-29.-NYEOMSZSZ k\u00f6zgy\u0171l\u00e9s"},"content":{"rendered":"\n<h2 class=\"wp-block-heading\"><strong>Besz\u00e1mol\u00f3 a NyEOMSzSz k\u00f6zgy\u00fcl\u00e9s\u00e9r\u0151l<\/strong><\/h2>\n\n\n\n<p class=\"has-text-align-left\">\u0151\u0150\u0171\u0170 Az idei NyEOMSzSz (Nyugat-Eur\u00f3pai Orsz\u00e1gos Magyar Szervezetek Sz\u00f6vets\u00e9ge) k\u00f6zgy\u0171l\u00e9s\u00e9t Sv\u00e1jcban, Baselben tartottuk meg. A remek hangulatban, konstrukt\u00edv szellemben lezajlott k\u00f6zgy\u0171l\u00e9sen \u2013 Portug\u00e1lia kiv\u00e9tel\u00e9vel- jelen voltak mind a 18 tagorsz\u00e1g magyar szervezeteinek k\u00fcld\u00f6ttei, a Magyar Nemzetpolitikai \u00c1llamtitk\u00e1rs\u00e1g<br>r\u00e9sz\u00e9r\u0151l pedig P\u00f3t\u00e1pi \u00c1rp\u00e1d \u00e1llamtitk\u00e1r \u00e9s Pirityin\u00e9 Szab\u00f3 Judit f\u0151oszt\u00e1lyvezet\u0151.<br>Jelen volt m\u00e9g Dr. Czukor J\u00f3zsef, Magyarorsz\u00e1g sv\u00e1jci nagyk\u00f6vete \u00e9s Pappn\u00e9 Farkas Kl\u00e1ra, az Orsz\u00e1ggy\u0171l\u00e9s Hivatal\u00e1nak f\u0151oszt\u00e1lyvezet\u0151je is. Az FME r\u00e9sz\u00e9r\u0151l K\u00e1d\u00e1r Ildik\u00f3 eln\u00f6khelyettes valamint Fodor Gabriella gazdas\u00e1gi felel\u0151s k\u00e9pviselte egyes\u00fclet\u00fcnket.<br>J\u00f3magam ( Nagy G\u00e1bor Bigus) a NyEOMSzSz eln\u00f6ks\u00e9gi tagjak\u00e9nt vettem r\u00e9szt a k\u00f6zgy\u0171l\u00e9sen.  <br>K\u00fcl\u00f6n figyelmet \u00e9rdemel, hogy az id\u00e9n, m\u00e1jus 26-28. k\u00f6z\u00f6tt, ugyancsak Baselben, els\u0151 \u00edzben lett megtartva a Nyugat-Eur\u00f3pai Ifj\u00fas\u00e1gi Konferencia, ahol az FME is k\u00e9t k\u00fcld\u00f6ttel k\u00e9pviselte mag\u00e1t: Peura No\u00e9mi \u00e9s Peura Matias (S\u00e1ndorm\u00e1ty\u00e1s) szem\u00e9ly\u00e9ben.<br>A NYEOMSZSZ k\u00f6zgy\u0171l\u00e9sr\u0151l k\u00e9sz\u00fclt fot\u00f3kat az al\u00e1bbi linken l\u00e1thatj\u00e1tok, a z\u00e1r\u00f3nyilatkozat sz\u00f6vege is al\u00e1bb.<\/p>\n\n\n\n<p><a href=\"https:\/\/photos.google.com\/share\/AF1QipPNiFgJAaGV4wXkob8TMrYwyE7aJ0L6J7hcy-Tp9jJP3I4rKN9B3eFdXuEoTJoPPw?key=NjNUYV95QjJUejhYaHhNWnJubk40d2txcHZEQmVR\">https:\/\/photos.google.com\/share\/AF1QipPNiFgJAaGV4wXkob8TMrYwyE7aJ0L6J7hcy-Tp9jJP3I4rKN9B3eFdXuEoTJoPPw?key=NjNUYV95QjJUejhYaHhNWnJubk40d2txcHZEQmVR<\/a><\/p>\n\n\n\n<div data-wp-interactive=\"core\/file\" class=\"wp-block-file\"><object data-wp-bind--hidden=\"!state.hasPdfPreview\" hidden class=\"wp-block-file__embed\" data=\"https:\/\/magyarutca.org\/wordpress\/wp-content\/uploads\/2022\/07\/2022.05.30_Beszamolo-a-NyEOMSzSz-kozgyuleserol-2022.majus-28..pdf\" type=\"application\/pdf\" style=\"width:100%;height:600px\" aria-label=\"Embed of Embed of 2022.05.30_Beszamolo-a-NyEOMSzSz-kozgyuleserol-2022.majus-28...\"><\/object><a id=\"wp-block-file--media-8d17a842-3d4d-4384-a885-b878388b5e91\" href=\"https:\/\/magyarutca.org\/wordpress\/wp-content\/uploads\/2022\/07\/2022.05.30_Beszamolo-a-NyEOMSzSz-kozgyuleserol-2022.majus-28..pdf\">2022.05.30_Beszamolo-a-NyEOMSzSz-kozgyuleserol-2022.majus-28.<\/a><a href=\"https:\/\/magyarutca.org\/wordpress\/wp-content\/uploads\/2022\/07\/2022.05.30_Beszamolo-a-NyEOMSzSz-kozgyuleserol-2022.majus-28..pdf\" class=\"wp-block-file__button\" download aria-describedby=\"wp-block-file--media-8d17a842-3d4d-4384-a885-b878388b5e91\">Download<\/a><\/div>\n\n\n\n<p><br>Mindenkinek kellemes nyarat k\u00edv\u00e1nva,<\/p>\n\n\n\n<p class=\"has-text-align-left\"><\/p>\n\n\n\n<figure class=\"wp-block-image size-full\"><img loading=\"lazy\" decoding=\"async\" width=\"150\" height=\"50\" src=\"https:\/\/magyarutca.org\/wordpress\/wp-content\/uploads\/2022\/07\/Alairas-honlapra-beszamolokhoz_150x50.jpg\" alt=\"\" class=\"wp-image-1050\"\/><\/figure>\n\n\n\n<figure class=\"wp-block-image size-large\"><img loading=\"lazy\" decoding=\"async\" width=\"1024\" height=\"229\" src=\"https:\/\/magyarutca.org\/wordpress\/wp-content\/uploads\/2022\/07\/C24CB439-9F2D-4A45-9970-8050F375408D-1024x229.jpeg\" alt=\"\" class=\"wp-image-135\"\/><\/figure>\n\n\n\n<p><\/p>\n\n\n\n<p><\/p>\n","protected":false},"excerpt":{"rendered":"<p>Besz\u00e1mol\u00f3 a NyEOMSzSz k\u00f6zgy\u00fcl\u00e9s\u00e9r\u0151l \u0151\u0150\u0171\u0170 Az idei NyEOMSzSz (Nyugat-Eur\u00f3pai Orsz\u00e1gos Magyar Szervezetek Sz\u00f6vets\u00e9ge) k\u00f6zgy\u0171l\u00e9s\u00e9t Sv\u00e1jcban, Baselben tartottuk meg. A remek hangulatban, konstrukt\u00edv szellemben lezajlott k\u00f6zgy\u0171l\u00e9sen \u2013 Portug\u00e1lia kiv\u00e9tel\u00e9vel- jelen voltak mind a 18 tagorsz\u00e1g magyar szervezeteinek k\u00fcld\u00f6ttei, a Magyar Nemzetpolitikai \u00c1llamtitk\u00e1rs\u00e1gr\u00e9sz\u00e9r\u0151l pedig P\u00f3t\u00e1pi \u00c1rp\u00e1d \u00e1llamtitk\u00e1r \u00e9s Pirityin\u00e9 Szab\u00f3 Judit f\u0151oszt\u00e1lyvezet\u0151.Jelen volt m\u00e9g Dr. Czukor J\u00f3zsef, &hellip; <a href=\"https:\/\/magyarutca.org\/wordpress\/blog\/2022-08-18-kiallitasmegnyito-a-muveszetek-ejszakajan-magyar-iparmuveszek-designkiallitasa\/\" class=\"more-link\">Continue reading <span class=\"screen-reader-text\">2022.05.27-29.-NYEOMSZSZ k\u00f6zgy\u0171l\u00e9s<\/span><\/a><\/p>\n","protected":false},"author":2,"featured_media":0,"comment_status":"closed","ping_status":"open","sticky":false,"template":"","format":"standard","meta":{"footnotes":""},"categories":[1],"tags":[],"class_list":["post-488","post","type-post","status-publish","format-standard","hentry","category-visszatekinto"],"_links":{"self":[{"href":"https:\/\/magyarutca.org\/wordpress\/wp-json\/wp\/v2\/posts\/488","targetHints":{"allow":["GET"]}}],"collection":[{"href":"https:\/\/magyarutca.org\/wordpress\/wp-json\/wp\/v2\/posts"}],"about":[{"href":"https:\/\/magyarutca.org\/wordpress\/wp-json\/wp\/v2\/types\/post"}],"author":[{"embeddable":true,"href":"https:\/\/magyarutca.org\/wordpress\/wp-json\/wp\/v2\/users\/2"}],"replies":[{"embeddable":true,"href":"https:\/\/magyarutca.org\/wordpress\/wp-json\/wp\/v2\/comments?post=488"}],"version-history":[{"count":9,"href":"https:\/\/magyarutca.org\/wordpress\/wp-json\/wp\/v2\/posts\/488\/revisions"}],"predecessor-version":[{"id":1146,"href":"https:\/\/magyarutca.org\/wordpress\/wp-json\/wp\/v2\/posts\/488\/revisions\/1146"}],"wp:attachment":[{"href":"https:\/\/magyarutca.org\/wordpress\/wp-json\/wp\/v2\/media?parent=488"}],"wp:term":[{"taxonomy":"category","embeddable":true,"href":"https:\/\/magyarutca.org\/wordpress\/wp-json\/wp\/v2\/categories?post=488"},{"taxonomy":"post_tag","embeddable":true,"href":"https:\/\/magyarutca.org\/wordpress\/wp-json\/wp\/v2\/tags?post=488"}],"curies":[{"name":"wp","href":"https:\/\/api.w.org\/{rel}","templated":true}]}}